{"id":51357,"date":"2018-04-01T16:53:00","date_gmt":"2018-04-01T13:53:00","guid":{"rendered":"https:\/\/www.giurgiuveanul.ro\/stiri\/?p=51357"},"modified":"2018-04-01T16:53:00","modified_gmt":"2018-04-01T13:53:00","slug":"laude","status":"publish","type":"post","link":"https:\/\/www.giurgiuveanul.ro\/stiri\/laude\/","title":{"rendered":"Laude"},"content":{"rendered":"<p style=\"text-align: justify;\"><strong><a href=\"https:\/\/www.giurgiuveanul.ro\/stiri\/wp-content\/uploads\/2018\/04\/img.jpg\"><img loading=\"lazy\" decoding=\"async\" class=\"aligncenter size-large wp-image-51358\" src=\"https:\/\/www.giurgiuveanul.ro\/stiri\/wp-content\/uploads\/2018\/04\/img-560x373.jpg\" alt=\"img\" width=\"560\" height=\"373\" srcset=\"https:\/\/www.giurgiuveanul.ro\/stiri\/wp-content\/uploads\/2018\/04\/img-560x373.jpg 560w, https:\/\/www.giurgiuveanul.ro\/stiri\/wp-content\/uploads\/2018\/04\/img-250x167.jpg 250w, https:\/\/www.giurgiuveanul.ro\/stiri\/wp-content\/uploads\/2018\/04\/img-400x267.jpg 400w, https:\/\/www.giurgiuveanul.ro\/stiri\/wp-content\/uploads\/2018\/04\/img.jpg 800w\" sizes=\"auto, (max-width: 560px) 100vw, 560px\" \/><\/a>Str\u0103bunica\u00a0 mea, <!--more-->\u00een fiecare zi de s\u0103rb\u0103toare la ora c\u00e2nd se ie\u015fea de la biseric\u0103,- \u00ee\u015fi punea pe cap dirmeaua cu ciucuri \u015fi,&#8230; la poart\u0103, a\u015ftepta:<\/strong><\/p>\n<p style=\"text-align: justify;\"><strong>&#8211;<em>Poate trece cineva. Mai aflu \u015fi eu ce se mai \u00eent\u00e2mpl\u0103 prin sat. S\u0103 g\u0103sesc \u015fi eu pe cineva pe care s\u0103-l \u00a0laud, c\u0103 m-am s\u0103turat de oc\u0103rile spuse de unul \u015fi de altul, <\/em>\u00a0o auzeai dezvinov\u0103\u0163indu-\u015fi curiozitatea!<\/strong><\/p>\n<p style=\"text-align: justify;\"><strong>\u00centr-o sear\u0103, cu ceva timp \u00een urm\u0103, \u00a0am butonat pe mai toate posturile de televiziune:<\/strong><\/p>\n<p style=\"text-align: justify;\"><strong>&#8211;<em>-Poate g\u0103sesc pe cineva pe care s\u0103-l laud pentru ceea ce spune, pentru felul \u00een care vorbe\u015fte, c\u0103 m-am s\u0103turat de at\u00e2\u0163ia comentatori. <\/em><\/strong><strong><em>Aceia\u015fi totdeauna, ba, uneori, \u00een aceea\u015fi sear\u0103 prezen\u0163i \u00een acela\u015fi moment la televiziuni diferite!<\/em><\/strong><\/p>\n<p style=\"text-align: justify;\"><strong>Am sim\u0163it cum, peste timp, o citam pe b\u00e2ta Dobra!C\u00e2t prive\u015fte anali\u015ftii de ocazie, am \u00een\u0163eles repede c\u0103 tehnica face posibil\u0103 suprapunerea chipului peste imagini apar\u0163in\u00e2nd altui timp sau altor realit\u0103\u0163i..<\/strong><\/p>\n<p style=\"text-align: justify;\"><strong>La un post de televiziune, nu conteaz\u0103 numele postului !,\u00a0 l-am v\u0103zut, \u00a0\u00a0\u00a0\u00a0l-am ascultat vorbind \u015fi c\u00e2nt\u00e2nd, l-am auzit citind \u00a0un psalm, \u00a0\u015f<em>tiu s\u0103-l \u015fi recit, dar e mai \u00a0frumos a\u015fa, <\/em>zice pentru a \u00eenl\u0103tura orice b\u0103nuial\u0103, pe Tudorel! Pe Tudorel din Vin\u0163ul de Jos.<\/strong><\/p>\n<p style=\"text-align: justify;\"><strong>Am avut sentimentul pe dat\u0103 c\u0103-l v\u0103d pe Avr\u0103mu\u0163, cr\u0103i\u015forul mun\u0163ilor! Clopul cu fundi\u0163\u0103 tricolor\u0103 \u00eei f\u0103cea fa\u0163a buc\u0103lat\u0103 \u015fi mai rotund\u0103, iar privirea , de \u00eenger! Era at\u00e2ta for\u0163\u0103 \u00een glasul lui de copil, at\u00e2ta agerime \u00een ochi\u015forii lui de vultur, \u00eenc\u00e2t am avut impresia c\u0103-l aud pe <\/strong><strong>Avram Iancu \u00eendemn\u00e2nd\u00a0 <em>:-\u201cSau punem pumnul \u00een pieptul furtunii, sau pierim\u201d \u2013<\/em><\/strong><\/p>\n<p style=\"text-align: justify;\"><strong>De la el, de la acest copila\u015f \u00a0am auzit c\u0103 pre\u0163uie\u015fte Rom\u00e2nia<\/strong><\/p>\n<p style=\"text-align: justify;\"><strong>pentru c\u0103 <em>aici e mult\u0103 fericre si&#8230;iubire!<\/em><\/strong><\/p>\n<p style=\"text-align: justify;\"><strong>Era\u00a0 \u00een glasul lui ceva dumnezeiesc!<\/strong><\/p>\n<p style=\"text-align: justify;\"><strong>Nu \u015ftiu dac\u0103 l-am l\u0103udat \u00eendeajuns!<\/strong><\/p>\n<p style=\"text-align: justify;\"><strong>Coinciden\u0163\u0103 fericit\u0103: dup\u0103 ce m-am desp\u0103r\u0163it de Tudorel, duc\u00e2nd cu mine impresia puternic\u0103 pe care mi-a l\u0103sat-o,\u00a0 am citit la \u00eendemnul unui amic comunicatul Prezidiului Academiei \u00a0Rom\u00e2ne prin care se ia atitudine \u00eempotriva \u00eencerc\u0103rilor unor politicieni de a vota ziua de 15 martie ca ZIUA MGHIARILOR DIN ROM\u00c2NIA! Ziua celor care refuz\u0103 s\u0103 ia parte la festivit\u0103\u0163ile organizate cu prilejul Zilei Na\u0163ionale a Rom\u00e2niei, \u0163ara ai c\u0103rei cet\u0103\u0163eni sunt!<\/strong><\/p>\n<p style=\"text-align: justify;\"><strong>F\u0103r\u0103 s\u0103 laud pe cineva, o simt ca o datorie, am re\u0163inut din comunicat: AR FI UN ACT \u00a0IRESPONSABIL AL POLITICIENILOR\u00a0 ROM\u00c2NI dac\u0103 \u00a0\u00a0s-ar \u00eent\u00e2mpla a\u015fa ceva!<\/strong><\/p>\n<p style=\"text-align: justify;\"><strong>Suntem \u00een ANUL CENTENAR AL ROM\u00c2IEI.<\/strong><\/p>\n<p style=\"text-align: justify;\"><strong>\u00a0<\/strong><\/p>\n<p style=\"text-align: justify;\"><strong>Not\u0103: N-a\u015f \u015fti ce s\u0103-i r\u0103spund lui Todorel dac\u0103 m-ar \u00eentreba de ce.<\/strong><\/p>\n<p style=\"text-align: justify;\"><strong>\u00a0\u00eentr-un ora\u015f din Rom\u00e2nia, se arboreaz\u0103 de c\u0103tre o autoritate local\u0103 drapelul altei \u0163\u0103ri!!!, <\/strong><\/p>\n<p style=\"text-align: justify;\"><em><strong>Gh.C.Br.<\/strong><\/em><\/p>\n","protected":false},"excerpt":{"rendered":"<p>Str\u0103bunica\u00a0 mea,<\/p>\n","protected":false},"author":1,"featured_media":0,"comment_status":"open","ping_status":"open","sticky":false,"template":"","format":"standard","meta":{"footnotes":""},"categories":[21],"tags":[],"class_list":["post-51357","post","type-post","status-publish","format-standard","hentry","category-opinia-mea"],"_links":{"self":[{"href":"https:\/\/www.giurgiuveanul.ro\/stiri\/wp-json\/wp\/v2\/posts\/51357","targetHints":{"allow":["GET"]}}],"collection":[{"href":"https:\/\/www.giurgiuveanul.ro\/stiri\/wp-json\/wp\/v2\/posts"}],"about":[{"href":"https:\/\/www.giurgiuveanul.ro\/stiri\/wp-json\/wp\/v2\/types\/post"}],"author":[{"embeddable":true,"href":"https:\/\/www.giurgiuveanul.ro\/stiri\/wp-json\/wp\/v2\/users\/1"}],"replies":[{"embeddable":true,"href":"https:\/\/www.giurgiuveanul.ro\/stiri\/wp-json\/wp\/v2\/comments?post=51357"}],"version-history":[{"count":0,"href":"https:\/\/www.giurgiuveanul.ro\/stiri\/wp-json\/wp\/v2\/posts\/51357\/revisions"}],"wp:attachment":[{"href":"https:\/\/www.giurgiuveanul.ro\/stiri\/wp-json\/wp\/v2\/media?parent=51357"}],"wp:term":[{"taxonomy":"category","embeddable":true,"href":"https:\/\/www.giurgiuveanul.ro\/stiri\/wp-json\/wp\/v2\/categories?post=51357"},{"taxonomy":"post_tag","embeddable":true,"href":"https:\/\/www.giurgiuveanul.ro\/stiri\/wp-json\/wp\/v2\/tags?post=51357"}],"curies":[{"name":"wp","href":"https:\/\/api.w.org\/{rel}","templated":true}]}}