{"id":51373,"date":"2018-04-01T19:25:23","date_gmt":"2018-04-01T16:25:23","guid":{"rendered":"https:\/\/www.giurgiuveanul.ro\/stiri\/?p=51373"},"modified":"2018-04-01T19:28:51","modified_gmt":"2018-04-01T16:28:51","slug":"jandarmii-au-sarbatorit-ziua-armei-alaturi-de-giurgiuveni","status":"publish","type":"post","link":"https:\/\/www.giurgiuveanul.ro\/stiri\/jandarmii-au-sarbatorit-ziua-armei-alaturi-de-giurgiuveni\/","title":{"rendered":"Jandarmii au s\u0103rb\u0103torit Ziua Armei al\u0103turi de giurgiuveni"},"content":{"rendered":"<p style=\"text-align: justify;\"><strong><a href=\"https:\/\/www.giurgiuveanul.ro\/stiri\/wp-content\/uploads\/2018\/04\/001.jpg\"><img loading=\"lazy\" decoding=\"async\" class=\"aligncenter size-large wp-image-51374\" src=\"https:\/\/www.giurgiuveanul.ro\/stiri\/wp-content\/uploads\/2018\/04\/001-560x277.jpg\" alt=\"001\" width=\"560\" height=\"277\" srcset=\"https:\/\/www.giurgiuveanul.ro\/stiri\/wp-content\/uploads\/2018\/04\/001-560x277.jpg 560w, https:\/\/www.giurgiuveanul.ro\/stiri\/wp-content\/uploads\/2018\/04\/001-250x123.jpg 250w, https:\/\/www.giurgiuveanul.ro\/stiri\/wp-content\/uploads\/2018\/04\/001-400x198.jpg 400w, https:\/\/www.giurgiuveanul.ro\/stiri\/wp-content\/uploads\/2018\/04\/001.jpg 800w\" sizes=\"auto, (max-width: 560px) 100vw, 560px\" \/><\/a>\u201eJandarmeria <!--more-->&#8211; pe \u00een\u021belesul tuturor!\u201d este motto-ul sub care s-a desf\u0103\u0219urat, recent, o ac\u021biune de informare, \u00een contextul s\u0103rb\u0103toririi a 168 de ani de la \u00eenfiin\u021barea Jandarmeriei Rom\u00e2ne. Sute de giurgiuveni s-au oprit la standurile din parcul Mihai Viteazul, dorind s\u0103 cunoasc\u0103 misiunile jandarmilor.\u00a0<\/strong><\/p>\n<p style=\"text-align: justify;\">Timp de c\u00e2teva ore, ace\u0219tia au vizitat atelierele de prezentare a \u0163inutei militare, a materialelor interven\u0163ie \u015fi protec\u0163ie, de comunica\u0163ii \u0219i autospecialele folosite de jandarmi \u00een misiuni.<\/p>\n<p style=\"text-align: justify;\">Tot cu acest prilej, jandarmii au distribuit pliante cu teme de prevenire a faptelor antisociale \u015fi de prezentare a institu\u0163iilor militare de \u00eenv\u0103\u0163\u0103m\u00e2nt \u00een care se preg\u0103tesc viitoarele cadre ale Jandarmeriei Rom\u00e2ne.<\/p>\n<p style=\"text-align: justify;\">Ac\u021biunile dedicate Zilei Jandarmeriei Rom\u00e2ne vor continua mar\u021bi, 3 aprilie a.c., cu avansarea \u00een gradul urm\u0103tor a celor mai merituo\u0219i jandarmi \u0219i premierea c\u00e2\u0219tig\u0103torilor Cupei Jandarmeriei.<\/p>\n<p style=\"text-align: justify;\"><a href=\"https:\/\/www.giurgiuveanul.ro\/stiri\/wp-content\/uploads\/2018\/04\/003.jpg\"><img loading=\"lazy\" decoding=\"async\" class=\"aligncenter size-large wp-image-51375\" src=\"https:\/\/www.giurgiuveanul.ro\/stiri\/wp-content\/uploads\/2018\/04\/003-560x430.jpg\" alt=\"003\" width=\"560\" height=\"430\" srcset=\"https:\/\/www.giurgiuveanul.ro\/stiri\/wp-content\/uploads\/2018\/04\/003-560x430.jpg 560w, https:\/\/www.giurgiuveanul.ro\/stiri\/wp-content\/uploads\/2018\/04\/003-250x192.jpg 250w, https:\/\/www.giurgiuveanul.ro\/stiri\/wp-content\/uploads\/2018\/04\/003-400x307.jpg 400w, https:\/\/www.giurgiuveanul.ro\/stiri\/wp-content\/uploads\/2018\/04\/003.jpg 800w\" sizes=\"auto, (max-width: 560px) 100vw, 560px\" \/><\/a><\/p>\n<p style=\"text-align: justify;\"><a href=\"https:\/\/www.giurgiuveanul.ro\/stiri\/wp-content\/uploads\/2018\/04\/002.jpg\"><img loading=\"lazy\" decoding=\"async\" class=\"aligncenter size-large wp-image-51376\" src=\"https:\/\/www.giurgiuveanul.ro\/stiri\/wp-content\/uploads\/2018\/04\/002-219x450.jpg\" alt=\"002\" width=\"219\" height=\"450\" srcset=\"https:\/\/www.giurgiuveanul.ro\/stiri\/wp-content\/uploads\/2018\/04\/002-219x450.jpg 219w, https:\/\/www.giurgiuveanul.ro\/stiri\/wp-content\/uploads\/2018\/04\/002-146x300.jpg 146w, https:\/\/www.giurgiuveanul.ro\/stiri\/wp-content\/uploads\/2018\/04\/002-292x600.jpg 292w, https:\/\/www.giurgiuveanul.ro\/stiri\/wp-content\/uploads\/2018\/04\/002.jpg 389w\" sizes=\"auto, (max-width: 219px) 100vw, 219px\" \/><\/a><\/p>\n","protected":false},"excerpt":{"rendered":"<p>\u201eJandarmeria<\/p>\n","protected":false},"author":1,"featured_media":0,"comment_status":"open","ping_status":"open","sticky":false,"template":"","format":"standard","meta":{"footnotes":""},"categories":[6],"tags":[],"class_list":["post-51373","post","type-post","status-publish","format-standard","hentry","category-breaking-news"],"_links":{"self":[{"href":"https:\/\/www.giurgiuveanul.ro\/stiri\/wp-json\/wp\/v2\/posts\/51373","targetHints":{"allow":["GET"]}}],"collection":[{"href":"https:\/\/www.giurgiuveanul.ro\/stiri\/wp-json\/wp\/v2\/posts"}],"about":[{"href":"https:\/\/www.giurgiuveanul.ro\/stiri\/wp-json\/wp\/v2\/types\/post"}],"author":[{"embeddable":true,"href":"https:\/\/www.giurgiuveanul.ro\/stiri\/wp-json\/wp\/v2\/users\/1"}],"replies":[{"embeddable":true,"href":"https:\/\/www.giurgiuveanul.ro\/stiri\/wp-json\/wp\/v2\/comments?post=51373"}],"version-history":[{"count":0,"href":"https:\/\/www.giurgiuveanul.ro\/stiri\/wp-json\/wp\/v2\/posts\/51373\/revisions"}],"wp:attachment":[{"href":"https:\/\/www.giurgiuveanul.ro\/stiri\/wp-json\/wp\/v2\/media?parent=51373"}],"wp:term":[{"taxonomy":"category","embeddable":true,"href":"https:\/\/www.giurgiuveanul.ro\/stiri\/wp-json\/wp\/v2\/categories?post=51373"},{"taxonomy":"post_tag","embeddable":true,"href":"https:\/\/www.giurgiuveanul.ro\/stiri\/wp-json\/wp\/v2\/tags?post=51373"}],"curies":[{"name":"wp","href":"https:\/\/api.w.org\/{rel}","templated":true}]}}