{"id":51382,"date":"2018-04-02T09:50:38","date_gmt":"2018-04-02T06:50:38","guid":{"rendered":"https:\/\/www.giurgiuveanul.ro\/stiri\/?p=51382"},"modified":"2018-04-02T09:50:38","modified_gmt":"2018-04-02T06:50:38","slug":"decontarea-concediului-de-odihna-pentru-angajatii-mai-in-ce-limita-se-incadreaza-suma-vezi-aici","status":"publish","type":"post","link":"https:\/\/www.giurgiuveanul.ro\/stiri\/decontarea-concediului-de-odihna-pentru-angajatii-mai-in-ce-limita-se-incadreaza-suma-vezi-aici\/","title":{"rendered":"Decontarea concediului de odihn\u0103 pentru angaja\u0163ii MAI! \u00cen ce limit\u0103 se \u00eencadreaz\u0103 suma VEZI AICI"},"content":{"rendered":"<p style=\"text-align: justify;\"><strong><a href=\"https:\/\/www.giurgiuveanul.ro\/stiri\/wp-content\/uploads\/2018\/04\/bani-4.jpg\"><img loading=\"lazy\" decoding=\"async\" class=\"aligncenter size-large wp-image-51383\" src=\"https:\/\/www.giurgiuveanul.ro\/stiri\/wp-content\/uploads\/2018\/04\/bani-4-560x313.jpg\" alt=\"bani-4\" width=\"560\" height=\"313\" srcset=\"https:\/\/www.giurgiuveanul.ro\/stiri\/wp-content\/uploads\/2018\/04\/bani-4-560x313.jpg 560w, https:\/\/www.giurgiuveanul.ro\/stiri\/wp-content\/uploads\/2018\/04\/bani-4-250x140.jpg 250w, https:\/\/www.giurgiuveanul.ro\/stiri\/wp-content\/uploads\/2018\/04\/bani-4-400x224.jpg 400w, https:\/\/www.giurgiuveanul.ro\/stiri\/wp-content\/uploads\/2018\/04\/bani-4.jpg 810w\" sizes=\"auto, (max-width: 560px) 100vw, 560px\" \/><\/a>Angaja\u0163ii Ministerului Afacerilor Interne (MAI) <!--more-->beneficiaz\u0103 de decontarea concediului de odihn\u0103, \u00een limita sumei de 1.450 de lei, informeaz\u0103 un comunicat al MAI.<\/strong><\/p>\n<p style=\"text-align: justify;\">MAI arat\u0103 c\u0103 \u00een acest an poli\u0163i\u015ftilor, militarilor \u015fi personalului civil din cadrul Ministerului Afacerilor Interne li se va asigura decontarea serviciilor de care beneficiaz\u0103 \u00een perioada concediului de odihn\u0103 \u00een unit\u0103\u0163i turistice aflate pe teritoriul Rom\u00e2niei, \u00een limita valoric\u0103 prev\u0103zut\u0103 de reglement\u0103rile legale.<\/p>\n<p style=\"text-align: justify;\"><em>\u201eCuantumul sumelor decontate nu va fi luat \u00een calcul la determinarea procentului (\u2026) referitor la limitarea sporurilor, compensa\u0163iilor, adaosurilor, primelor, premiilor \u015fi indemniza\u0163iilor \u015fi a altor drepturi acordate de fiecare ordonator de credite\u201d<\/em>, arat\u0103 ministerul.<\/p>\n<p style=\"text-align: justify;\">De asemenea, ministerul precizeaz\u0103 c\u0103 <em>\u201esolu\u0163ia decont\u0103rii a fost necesar\u0103, \u00eentruc\u00e2t din cauza regulilor de protec\u0163ie a datelor cu caracter personal \u015fi a celor institu\u0163ionale cu privire la angaja\u0163ii din sistemul de ap\u0103rare, ordine public\u0103 \u015fi securitate na\u0163ional\u0103, acestora nu li se puteau acorda vouchere de vacan\u0163\u0103 \u00een valoare de 1.450 de lei, a\u015fa cum este prev\u0103zut pentru celelalte categorii bugetare\u201d.<\/em><\/p>\n<p style=\"text-align: justify;\">MAI are deja prev\u0103zute sumele necesare decont\u0103rii cheltuielilor efectuate pentru concediile de odihn\u0103 \u00een re\u0163eaua na\u0163ional\u0103 de turism, \u00een bugetul aferent anului 2018.<\/p>\n<p style=\"text-align: justify;\">Totodat\u0103, personalul MAI va beneficia de prevederile Legii concediului paternal nr. 210\/1999. P\u00e2n\u0103 \u00een prezent, angaja\u0163ilor MAI nu li se acorda concediul paternal deoarece Legea 210\/1999 f\u0103cea referire strict\u0103 la personalul asigurat \u00een cadrul sistemului asigur\u0103rilor sociale de stat.<\/p>\n<p style=\"text-align: justify;\">De asemenea, prin Legea 80 din 28 martie 2018 a fost eliminat\u0103 restric\u0163ia instituit\u0103 de Ordonan\u0163a de urgen\u0163\u0103 a Guvernului 90\/2017, care prevedea c\u0103 institu\u0163iilor \u015fi autorit\u0103\u0163ilor publice, indiferent de modul de finan\u0163are \u015fi subordonare, li se interzice achizi\u0163ionarea de autoturisme \u015fi mobilier.<\/p>\n<p style=\"text-align: justify;\">Ministerul Afacerilor Interne va achizi\u0163iona anul acesta autospeciale \u00een valoare de 120 de milioane de lei pentru structurile sale operative, se mai arat\u0103 \u00een comunicat.<\/p>\n","protected":false},"excerpt":{"rendered":"<p>Angaja\u0163ii Ministerului Afacerilor Interne (MAI)<\/p>\n","protected":false},"author":1,"featured_media":0,"comment_status":"open","ping_status":"open","sticky":false,"template":"","format":"standard","meta":{"footnotes":""},"categories":[6],"tags":[],"class_list":["post-51382","post","type-post","status-publish","format-standard","hentry","category-breaking-news"],"_links":{"self":[{"href":"https:\/\/www.giurgiuveanul.ro\/stiri\/wp-json\/wp\/v2\/posts\/51382","targetHints":{"allow":["GET"]}}],"collection":[{"href":"https:\/\/www.giurgiuveanul.ro\/stiri\/wp-json\/wp\/v2\/posts"}],"about":[{"href":"https:\/\/www.giurgiuveanul.ro\/stiri\/wp-json\/wp\/v2\/types\/post"}],"author":[{"embeddable":true,"href":"https:\/\/www.giurgiuveanul.ro\/stiri\/wp-json\/wp\/v2\/users\/1"}],"replies":[{"embeddable":true,"href":"https:\/\/www.giurgiuveanul.ro\/stiri\/wp-json\/wp\/v2\/comments?post=51382"}],"version-history":[{"count":0,"href":"https:\/\/www.giurgiuveanul.ro\/stiri\/wp-json\/wp\/v2\/posts\/51382\/revisions"}],"wp:attachment":[{"href":"https:\/\/www.giurgiuveanul.ro\/stiri\/wp-json\/wp\/v2\/media?parent=51382"}],"wp:term":[{"taxonomy":"category","embeddable":true,"href":"https:\/\/www.giurgiuveanul.ro\/stiri\/wp-json\/wp\/v2\/categories?post=51382"},{"taxonomy":"post_tag","embeddable":true,"href":"https:\/\/www.giurgiuveanul.ro\/stiri\/wp-json\/wp\/v2\/tags?post=51382"}],"curies":[{"name":"wp","href":"https:\/\/api.w.org\/{rel}","templated":true}]}}