{"id":51385,"date":"2018-04-02T15:22:29","date_gmt":"2018-04-02T12:22:29","guid":{"rendered":"https:\/\/www.giurgiuveanul.ro\/stiri\/?p=51385"},"modified":"2018-04-02T16:06:19","modified_gmt":"2018-04-02T13:06:19","slug":"ministrul-sanatatii-sorina-pintea-vizitat-centrul-de-asistenta-medicala-comunitara-din-gostinari-foto","status":"publish","type":"post","link":"https:\/\/www.giurgiuveanul.ro\/stiri\/ministrul-sanatatii-sorina-pintea-vizitat-centrul-de-asistenta-medicala-comunitara-din-gostinari-foto\/","title":{"rendered":"Ministrul S\u0103n\u0103t\u0103\u0163ii, Sorina Pintea, a vizitat Centrul de Asisten\u0163\u0103 Medical\u0103 Comunitar\u0103 din Gostinari (FOTO)"},"content":{"rendered":"<p style=\"text-align: justify;\"><strong><a href=\"https:\/\/www.giurgiuveanul.ro\/stiri\/wp-content\/uploads\/2018\/04\/IMG-20180402-WA0014.jpg\"><img loading=\"lazy\" decoding=\"async\" class=\"aligncenter size-large wp-image-51386\" src=\"https:\/\/www.giurgiuveanul.ro\/stiri\/wp-content\/uploads\/2018\/04\/IMG-20180402-WA0014-560x392.jpg\" alt=\"IMG-20180402-WA0014\" width=\"560\" height=\"392\" srcset=\"https:\/\/www.giurgiuveanul.ro\/stiri\/wp-content\/uploads\/2018\/04\/IMG-20180402-WA0014-560x392.jpg 560w, https:\/\/www.giurgiuveanul.ro\/stiri\/wp-content\/uploads\/2018\/04\/IMG-20180402-WA0014-250x175.jpg 250w, https:\/\/www.giurgiuveanul.ro\/stiri\/wp-content\/uploads\/2018\/04\/IMG-20180402-WA0014-400x280.jpg 400w, https:\/\/www.giurgiuveanul.ro\/stiri\/wp-content\/uploads\/2018\/04\/IMG-20180402-WA0014.jpg 800w\" sizes=\"auto, (max-width: 560px) 100vw, 560px\" \/><\/a>Ministrul S\u0103n\u0103t\u0103\u0163ii, Sorina Pintea, \u015fi \u015feful <!--more-->Biroului Organiza\u0163iei Mondiale a S\u0103n\u0103t\u0103\u0163ii Rom\u00e2nia, Miljana Grbic, au vizitat ast\u0103zi cu prilejul Zilei Mondiale a S\u0103n\u0103t\u0103\u0163ii, Centrul de Asisten\u0163\u0103 Medical\u0103 Comunitar\u0103 din Gostinari, jude\u0163ul Giurgiu.<\/strong><\/p>\n<p style=\"text-align: justify;\"><a href=\"https:\/\/www.giurgiuveanul.ro\/stiri\/wp-content\/uploads\/2018\/04\/IMG-20180402-WA0025.jpg\"><img loading=\"lazy\" decoding=\"async\" class=\"aligncenter size-large wp-image-51389\" src=\"https:\/\/www.giurgiuveanul.ro\/stiri\/wp-content\/uploads\/2018\/04\/IMG-20180402-WA0025-471x450.jpg\" alt=\"IMG-20180402-WA0025\" width=\"471\" height=\"450\" srcset=\"https:\/\/www.giurgiuveanul.ro\/stiri\/wp-content\/uploads\/2018\/04\/IMG-20180402-WA0025-471x450.jpg 471w, https:\/\/www.giurgiuveanul.ro\/stiri\/wp-content\/uploads\/2018\/04\/IMG-20180402-WA0025-250x239.jpg 250w, https:\/\/www.giurgiuveanul.ro\/stiri\/wp-content\/uploads\/2018\/04\/IMG-20180402-WA0025-400x382.jpg 400w, https:\/\/www.giurgiuveanul.ro\/stiri\/wp-content\/uploads\/2018\/04\/IMG-20180402-WA0025.jpg 800w\" sizes=\"auto, (max-width: 471px) 100vw, 471px\" \/><\/a><\/p>\n<p style=\"text-align: justify;\"><a href=\"https:\/\/www.giurgiuveanul.ro\/stiri\/wp-content\/uploads\/2018\/04\/IMG-20180402-WA0012.jpg\"><img loading=\"lazy\" decoding=\"async\" class=\"aligncenter size-large wp-image-51393\" src=\"https:\/\/www.giurgiuveanul.ro\/stiri\/wp-content\/uploads\/2018\/04\/IMG-20180402-WA0012-560x378.jpg\" alt=\"IMG-20180402-WA0012\" width=\"560\" height=\"378\" srcset=\"https:\/\/www.giurgiuveanul.ro\/stiri\/wp-content\/uploads\/2018\/04\/IMG-20180402-WA0012-560x378.jpg 560w, https:\/\/www.giurgiuveanul.ro\/stiri\/wp-content\/uploads\/2018\/04\/IMG-20180402-WA0012-250x169.jpg 250w, https:\/\/www.giurgiuveanul.ro\/stiri\/wp-content\/uploads\/2018\/04\/IMG-20180402-WA0012-400x270.jpg 400w, https:\/\/www.giurgiuveanul.ro\/stiri\/wp-content\/uploads\/2018\/04\/IMG-20180402-WA0012.jpg 800w\" sizes=\"auto, (max-width: 560px) 100vw, 560px\" \/><\/a><\/p>\n<p style=\"text-align: justify;\">Cei doi oficiali s-au \u00eent\u00e2lnit cu echipa de asisten\u0163\u0103 medical\u0103 comunitar\u0103 din Gostinari \u015fi cu beneficiarii serviciilor de asisten\u0163\u0103 medical\u0103 comunitar\u0103. \u00cempreun\u0103 cu ace\u015ftia au discutat despre activit\u0103\u0163ile Centrului, despre rezultatele programului, dar \u015fi despre provoc\u0103rile \u015fi obstacolele \u00eent\u00e2lnite de asisten\u0163ii medicali comunitari \u015fi mediatorii sanitari \u00een munca de zi cu zi.<\/p>\n<p style=\"text-align: justify;\">Asisten\u0163a medical\u0103 comunitar\u0103 cuprinde ansamblul de programe, servicii de s\u0103n\u0103tate \u015fi ac\u0163iuni de s\u0103n\u0103tate public\u0103, furnizate la nivelul comunit\u0103\u0163ilor, cu scopul cre\u015fterii accesului popula\u0163iei \u015fi, \u00een special, a grupurilor vulnerabile la servicii esen\u0163iale de s\u0103n\u0103tate, centrate pe activitatea de prevenire.<\/p>\n<p style=\"text-align: justify;\">La \u00eent\u00e2lnire au participat pre\u0219edintele Consiliului Jude\u021bean Giurgiu, Marian Mina, prefectul de Giurgiu, Nina Cri\u0219u, directorul DSP, Magda M\u0103rcu\u021b, directorul CJAS, Florentina Popescu \u0219i primarul de Gostinari.<\/p>\n<p style=\"text-align: justify;\"><em>\u201eSloganul Zilei Mondiale a S\u0103n\u0103t\u0103\u0163ii, anul acesta, este chiar &lt;&lt;S\u0103n\u0103tate pentru to\u0163i&gt;. Am ales s\u0103 vizitez, azi, acest Centru pentru a vedea cum a fost implementat un proiect pe care \u00eel putem da acum ca exemplu. De asemenea, lans\u0103m, cu aceast\u0103 ocazie, \u015fi o campanie de informare &lt;&lt;door to door&gt;&gt; a Ministerului S\u0103n\u0103t\u0103\u0163ii.\u00a0<\/em><em>Revenind la Gostinari, este foarte important c\u0103 aceast\u0103 comunitate, cu 2.600 de oameni din care 1.000 reprezint\u0103 popula\u0163ia rom\u0103, s\u0103 aib\u0103 un grad de vaccinare de 98%. Tot aici a fost redus\u0103 rata mortalit\u0103\u0163ii infantile, dar \u015fi cazurile de tuberculoz\u0103 au sc\u0103zut. Toate acestea ne fac s\u0103 credem c\u0103 ceea ce s-a reu\u015fit prin acest Centru Comunitar este extraordinar. \u00cel felicit pe domnul primar pentru asta, dar \u015fi pe pre\u015fedintele Consiliului Jude\u0163ean pentru sus\u0163inere\u201d,<\/em> a\u00a0declarat ministrul S\u0103n\u0103t\u0103\u0163ii,\u00a0<strong>Sorina Pintea<\/strong>.<\/p>\n<p style=\"text-align: justify;\">La r\u00e2ndul s\u0103u, pre\u015fedintele Consiliului Jude\u0163ean Giurgiu, Marian Mina, l-a felicitat pe primarul Marin Ion \u015fi i-a mul\u0163umit ministrului S\u0103n\u0103t\u0103\u0163ii pentru aten\u0163ia acordat\u0103 \u015fi pentru vizita efectuat\u0103 \u00een jude\u0163ul nostru.<\/p>\n<p style=\"text-align: justify;\"><em>\u201ePentru noi este o mare bucurie s\u0103 fi\u0163i aici \u015fi v\u0103 mul\u0163umim pentru vizit\u0103! Apreciez eforturile administra\u0163iei locale pentru ca acest Centru s\u0103 func\u0163ioneze; merit\u0103 laudele noastre \u015fi cadrele medicale care lucreaz\u0103 aici. \u00cemi doresc ca to\u0163i primarii giurgiuveni s\u0103 ia exemplu de la acest proiect de succes, pentru c\u0103 este mai mult dec\u00e2t binevenit\u201d,<\/em> a precizat pre\u015fedintele Consiliului Jude\u0163ean Giurgiu,\u00a0<strong>Marian Mina<\/strong>.<\/p>\n<p style=\"text-align: justify;\"><a href=\"https:\/\/www.giurgiuveanul.ro\/stiri\/wp-content\/uploads\/2018\/04\/IMG-20180402-WA0022.jpg\"><img loading=\"lazy\" decoding=\"async\" class=\"aligncenter size-large wp-image-51390\" src=\"https:\/\/www.giurgiuveanul.ro\/stiri\/wp-content\/uploads\/2018\/04\/IMG-20180402-WA0022-560x371.jpg\" alt=\"IMG-20180402-WA0022\" width=\"560\" height=\"371\" srcset=\"https:\/\/www.giurgiuveanul.ro\/stiri\/wp-content\/uploads\/2018\/04\/IMG-20180402-WA0022-560x371.jpg 560w, https:\/\/www.giurgiuveanul.ro\/stiri\/wp-content\/uploads\/2018\/04\/IMG-20180402-WA0022-250x166.jpg 250w, https:\/\/www.giurgiuveanul.ro\/stiri\/wp-content\/uploads\/2018\/04\/IMG-20180402-WA0022-400x265.jpg 400w, https:\/\/www.giurgiuveanul.ro\/stiri\/wp-content\/uploads\/2018\/04\/IMG-20180402-WA0022.jpg 800w\" sizes=\"auto, (max-width: 560px) 100vw, 560px\" \/><\/a><\/p>\n<p style=\"text-align: justify;\"><a href=\"https:\/\/www.giurgiuveanul.ro\/stiri\/wp-content\/uploads\/2018\/04\/IMG-20180402-WA0018.jpg\"><img loading=\"lazy\" decoding=\"async\" class=\"aligncenter size-large wp-image-51391\" src=\"https:\/\/www.giurgiuveanul.ro\/stiri\/wp-content\/uploads\/2018\/04\/IMG-20180402-WA0018-560x238.jpg\" alt=\"IMG-20180402-WA0018\" width=\"560\" height=\"238\" srcset=\"https:\/\/www.giurgiuveanul.ro\/stiri\/wp-content\/uploads\/2018\/04\/IMG-20180402-WA0018-560x238.jpg 560w, https:\/\/www.giurgiuveanul.ro\/stiri\/wp-content\/uploads\/2018\/04\/IMG-20180402-WA0018-250x106.jpg 250w, https:\/\/www.giurgiuveanul.ro\/stiri\/wp-content\/uploads\/2018\/04\/IMG-20180402-WA0018-400x170.jpg 400w, https:\/\/www.giurgiuveanul.ro\/stiri\/wp-content\/uploads\/2018\/04\/IMG-20180402-WA0018.jpg 800w\" sizes=\"auto, (max-width: 560px) 100vw, 560px\" \/><\/a><\/p>\n<p style=\"text-align: justify;\"><a href=\"https:\/\/www.giurgiuveanul.ro\/stiri\/wp-content\/uploads\/2018\/04\/IMG-20180402-WA0021.jpg\"><img loading=\"lazy\" decoding=\"async\" class=\"aligncenter size-large wp-image-51397\" src=\"https:\/\/www.giurgiuveanul.ro\/stiri\/wp-content\/uploads\/2018\/04\/IMG-20180402-WA0021-560x371.jpg\" alt=\"IMG-20180402-WA0021\" width=\"560\" height=\"371\" srcset=\"https:\/\/www.giurgiuveanul.ro\/stiri\/wp-content\/uploads\/2018\/04\/IMG-20180402-WA0021-560x371.jpg 560w, https:\/\/www.giurgiuveanul.ro\/stiri\/wp-content\/uploads\/2018\/04\/IMG-20180402-WA0021-250x166.jpg 250w, https:\/\/www.giurgiuveanul.ro\/stiri\/wp-content\/uploads\/2018\/04\/IMG-20180402-WA0021-400x265.jpg 400w, https:\/\/www.giurgiuveanul.ro\/stiri\/wp-content\/uploads\/2018\/04\/IMG-20180402-WA0021.jpg 800w\" sizes=\"auto, (max-width: 560px) 100vw, 560px\" \/><\/a><\/p>\n<p style=\"text-align: justify;\"><a href=\"https:\/\/www.giurgiuveanul.ro\/stiri\/wp-content\/uploads\/2018\/04\/IMG-20180402-WA0011.jpg\"><img loading=\"lazy\" decoding=\"async\" class=\"aligncenter size-large wp-image-51392\" src=\"https:\/\/www.giurgiuveanul.ro\/stiri\/wp-content\/uploads\/2018\/04\/IMG-20180402-WA0011-560x371.jpg\" alt=\"IMG-20180402-WA0011\" width=\"560\" height=\"371\" srcset=\"https:\/\/www.giurgiuveanul.ro\/stiri\/wp-content\/uploads\/2018\/04\/IMG-20180402-WA0011-560x371.jpg 560w, https:\/\/www.giurgiuveanul.ro\/stiri\/wp-content\/uploads\/2018\/04\/IMG-20180402-WA0011-250x166.jpg 250w, https:\/\/www.giurgiuveanul.ro\/stiri\/wp-content\/uploads\/2018\/04\/IMG-20180402-WA0011-400x265.jpg 400w, https:\/\/www.giurgiuveanul.ro\/stiri\/wp-content\/uploads\/2018\/04\/IMG-20180402-WA0011.jpg 800w\" sizes=\"auto, (max-width: 560px) 100vw, 560px\" \/><\/a><\/p>\n<p style=\"text-align: justify;\"><a href=\"https:\/\/www.giurgiuveanul.ro\/stiri\/wp-content\/uploads\/2018\/04\/IMG-20180402-WA0017.jpg\"><img loading=\"lazy\" decoding=\"async\" class=\"aligncenter size-large wp-image-51394\" src=\"https:\/\/www.giurgiuveanul.ro\/stiri\/wp-content\/uploads\/2018\/04\/IMG-20180402-WA0017-560x371.jpg\" alt=\"IMG-20180402-WA0017\" width=\"560\" height=\"371\" srcset=\"https:\/\/www.giurgiuveanul.ro\/stiri\/wp-content\/uploads\/2018\/04\/IMG-20180402-WA0017-560x371.jpg 560w, https:\/\/www.giurgiuveanul.ro\/stiri\/wp-content\/uploads\/2018\/04\/IMG-20180402-WA0017-250x166.jpg 250w, https:\/\/www.giurgiuveanul.ro\/stiri\/wp-content\/uploads\/2018\/04\/IMG-20180402-WA0017-400x265.jpg 400w, https:\/\/www.giurgiuveanul.ro\/stiri\/wp-content\/uploads\/2018\/04\/IMG-20180402-WA0017.jpg 800w\" sizes=\"auto, (max-width: 560px) 100vw, 560px\" \/><\/a><\/p>\n<p style=\"text-align: justify;\"><a href=\"https:\/\/www.giurgiuveanul.ro\/stiri\/wp-content\/uploads\/2018\/04\/IMG-20180402-WA0006.jpg\"><img loading=\"lazy\" decoding=\"async\" class=\"aligncenter size-large wp-image-51395\" src=\"https:\/\/www.giurgiuveanul.ro\/stiri\/wp-content\/uploads\/2018\/04\/IMG-20180402-WA0006-420x450.jpg\" alt=\"IMG-20180402-WA0006\" width=\"420\" height=\"450\" srcset=\"https:\/\/www.giurgiuveanul.ro\/stiri\/wp-content\/uploads\/2018\/04\/IMG-20180402-WA0006-420x450.jpg 420w, https:\/\/www.giurgiuveanul.ro\/stiri\/wp-content\/uploads\/2018\/04\/IMG-20180402-WA0006-250x268.jpg 250w, https:\/\/www.giurgiuveanul.ro\/stiri\/wp-content\/uploads\/2018\/04\/IMG-20180402-WA0006-400x429.jpg 400w, https:\/\/www.giurgiuveanul.ro\/stiri\/wp-content\/uploads\/2018\/04\/IMG-20180402-WA0006.jpg 746w\" sizes=\"auto, (max-width: 420px) 100vw, 420px\" \/><\/a><\/p>\n<p style=\"text-align: justify;\">Sub sloganul \u201eS\u0103n\u0103tate pentru To\u0163i\u201d, Ziua Mondial\u0103 a S\u0103n\u0103t\u0103\u0163ii din acest an marcheaz\u0103 importan\u0163a accesului tuturor la servicii esen\u0163iale de s\u0103n\u0103tate.<br \/>\nSorina Pintea a declarat c\u0103 ministerul d\u0103 startul unei campanii door to-door de con\u0219tientizare a popula\u021biei cu privire la accesul acesteia la serviciile esen\u021biale de s\u0103n\u0103tate. Ministerul S\u0103n\u0103t\u0103\u021bii inten\u021bioneaz\u0103 s\u0103 dezvolte o re\u021bea de centre de asistent\u021b\u0103 comunitar\u0103 \u00een toat\u0103 \u021bara.<\/p>\n","protected":false},"excerpt":{"rendered":"<p>Ministrul S\u0103n\u0103t\u0103\u0163ii, Sorina Pintea, \u015fi \u015feful<\/p>\n","protected":false},"author":1,"featured_media":0,"comment_status":"open","ping_status":"open","sticky":false,"template":"","format":"standard","meta":{"footnotes":""},"categories":[6],"tags":[],"class_list":["post-51385","post","type-post","status-publish","format-standard","hentry","category-breaking-news"],"_links":{"self":[{"href":"https:\/\/www.giurgiuveanul.ro\/stiri\/wp-json\/wp\/v2\/posts\/51385","targetHints":{"allow":["GET"]}}],"collection":[{"href":"https:\/\/www.giurgiuveanul.ro\/stiri\/wp-json\/wp\/v2\/posts"}],"about":[{"href":"https:\/\/www.giurgiuveanul.ro\/stiri\/wp-json\/wp\/v2\/types\/post"}],"author":[{"embeddable":true,"href":"https:\/\/www.giurgiuveanul.ro\/stiri\/wp-json\/wp\/v2\/users\/1"}],"replies":[{"embeddable":true,"href":"https:\/\/www.giurgiuveanul.ro\/stiri\/wp-json\/wp\/v2\/comments?post=51385"}],"version-history":[{"count":0,"href":"https:\/\/www.giurgiuveanul.ro\/stiri\/wp-json\/wp\/v2\/posts\/51385\/revisions"}],"wp:attachment":[{"href":"https:\/\/www.giurgiuveanul.ro\/stiri\/wp-json\/wp\/v2\/media?parent=51385"}],"wp:term":[{"taxonomy":"category","embeddable":true,"href":"https:\/\/www.giurgiuveanul.ro\/stiri\/wp-json\/wp\/v2\/categories?post=51385"},{"taxonomy":"post_tag","embeddable":true,"href":"https:\/\/www.giurgiuveanul.ro\/stiri\/wp-json\/wp\/v2\/tags?post=51385"}],"curies":[{"name":"wp","href":"https:\/\/api.w.org\/{rel}","templated":true}]}}