{"id":51415,"date":"2018-04-02T18:56:37","date_gmt":"2018-04-02T15:56:37","guid":{"rendered":"https:\/\/www.giurgiuveanul.ro\/stiri\/?p=51415"},"modified":"2018-04-02T19:00:57","modified_gmt":"2018-04-02T16:00:57","slug":"cate-zile-libere-vom-avea-de-sfintele-pasti-2018","status":"publish","type":"post","link":"https:\/\/www.giurgiuveanul.ro\/stiri\/cate-zile-libere-vom-avea-de-sfintele-pasti-2018\/","title":{"rendered":"C\u00e2te zile libere vom avea de Sfintele Pa\u015fti 2018"},"content":{"rendered":"<p style=\"text-align: justify;\"><strong><a href=\"https:\/\/www.giurgiuveanul.ro\/stiri\/wp-content\/uploads\/2018\/04\/vacanta_paste_79801100_465x390_22736200-1.jpg\"><img loading=\"lazy\" decoding=\"async\" class=\"aligncenter size-large wp-image-51416\" src=\"https:\/\/www.giurgiuveanul.ro\/stiri\/wp-content\/uploads\/2018\/04\/vacanta_paste_79801100_465x390_22736200-1-560x313.jpg\" alt=\"vacanta_paste_79801100_465x390_22736200 (1)\" width=\"560\" height=\"313\" srcset=\"https:\/\/www.giurgiuveanul.ro\/stiri\/wp-content\/uploads\/2018\/04\/vacanta_paste_79801100_465x390_22736200-1-560x313.jpg 560w, https:\/\/www.giurgiuveanul.ro\/stiri\/wp-content\/uploads\/2018\/04\/vacanta_paste_79801100_465x390_22736200-1-250x140.jpg 250w, https:\/\/www.giurgiuveanul.ro\/stiri\/wp-content\/uploads\/2018\/04\/vacanta_paste_79801100_465x390_22736200-1-400x223.jpg 400w, https:\/\/www.giurgiuveanul.ro\/stiri\/wp-content\/uploads\/2018\/04\/vacanta_paste_79801100_465x390_22736200-1.jpg 620w\" sizes=\"auto, (max-width: 560px) 100vw, 560px\" \/><\/a>De SFINTELE PA\u015eTI 2018 vom avea <!--more-->PATRU ZILE libere: Vinerea Mare, S\u00e2mb\u0103t\u0103 Mare, prima zi de Pa\u015fti &#8211; duminic\u0103 \u015fi a doua zi de Pa\u015fti &#8211; luni.<\/strong><\/p>\n<p style=\"text-align: justify;\">Vinerea Mare, ultima zi de vineri \u00eenaintea Pa\u015ftelui, a devenit zi de s\u0103rb\u0103toare legal\u0103 \u00een care nu se lucreaz\u0103, potrivit unui act normativ intrat \u00een vigoare luna martie 2018. A\u015fadar, salaria\u0163ii se vor bucura, pentru prima oar\u0103, de timp liber \u00een Vinerea Mare \u00eencep\u00e2nd din acest an \u015fi vor beneficia de o minivacan\u0163\u0103 de patru zile. Este una dintre cele trei zile de s\u0103rb\u0103toare religioa\u015f\u0103 cre\u015ftin\u0103 numite Triduum Sacru, din care fac parte Joia Mare, Vinerea Mare \u015fi S\u00e2mb\u0103ta Mare.<\/p>\n<p style=\"text-align: justify;\">Anul acesta, Vinerea Mare va fi pe 6 aprilie, iar Pa\u015ftele &#8211; pe 8 \u015fi 9 aprilie.<\/p>\n","protected":false},"excerpt":{"rendered":"<p>De SFINTELE PA\u015eTI 2018 vom avea<\/p>\n","protected":false},"author":1,"featured_media":0,"comment_status":"open","ping_status":"open","sticky":false,"template":"","format":"standard","meta":{"footnotes":""},"categories":[6],"tags":[],"class_list":["post-51415","post","type-post","status-publish","format-standard","hentry","category-breaking-news"],"_links":{"self":[{"href":"https:\/\/www.giurgiuveanul.ro\/stiri\/wp-json\/wp\/v2\/posts\/51415","targetHints":{"allow":["GET"]}}],"collection":[{"href":"https:\/\/www.giurgiuveanul.ro\/stiri\/wp-json\/wp\/v2\/posts"}],"about":[{"href":"https:\/\/www.giurgiuveanul.ro\/stiri\/wp-json\/wp\/v2\/types\/post"}],"author":[{"embeddable":true,"href":"https:\/\/www.giurgiuveanul.ro\/stiri\/wp-json\/wp\/v2\/users\/1"}],"replies":[{"embeddable":true,"href":"https:\/\/www.giurgiuveanul.ro\/stiri\/wp-json\/wp\/v2\/comments?post=51415"}],"version-history":[{"count":0,"href":"https:\/\/www.giurgiuveanul.ro\/stiri\/wp-json\/wp\/v2\/posts\/51415\/revisions"}],"wp:attachment":[{"href":"https:\/\/www.giurgiuveanul.ro\/stiri\/wp-json\/wp\/v2\/media?parent=51415"}],"wp:term":[{"taxonomy":"category","embeddable":true,"href":"https:\/\/www.giurgiuveanul.ro\/stiri\/wp-json\/wp\/v2\/categories?post=51415"},{"taxonomy":"post_tag","embeddable":true,"href":"https:\/\/www.giurgiuveanul.ro\/stiri\/wp-json\/wp\/v2\/tags?post=51415"}],"curies":[{"name":"wp","href":"https:\/\/api.w.org\/{rel}","templated":true}]}}