{"id":51438,"date":"2018-04-03T16:20:46","date_gmt":"2018-04-03T13:20:46","guid":{"rendered":"https:\/\/www.giurgiuveanul.ro\/stiri\/?p=51438"},"modified":"2018-04-03T16:20:46","modified_gmt":"2018-04-03T13:20:46","slug":"scandalul-de-la-clejani-sase-persoane-retinute","status":"publish","type":"post","link":"https:\/\/www.giurgiuveanul.ro\/stiri\/scandalul-de-la-clejani-sase-persoane-retinute\/","title":{"rendered":"Scandalul de la Clejani! \u015ease persoane, re\u0163inute!"},"content":{"rendered":"<p style=\"text-align: justify;\"><strong><a href=\"https:\/\/www.giurgiuveanul.ro\/stiri\/wp-content\/uploads\/2018\/04\/arestat-de-mascati-by-vasile-arcanu.jpg\"><img loading=\"lazy\" decoding=\"async\" class=\"aligncenter size-large wp-image-51439\" src=\"https:\/\/www.giurgiuveanul.ro\/stiri\/wp-content\/uploads\/2018\/04\/arestat-de-mascati-by-vasile-arcanu-560x333.jpg\" alt=\"arestat-de-mascati-by-vasile-arcanu\" width=\"560\" height=\"333\" srcset=\"https:\/\/www.giurgiuveanul.ro\/stiri\/wp-content\/uploads\/2018\/04\/arestat-de-mascati-by-vasile-arcanu-560x333.jpg 560w, https:\/\/www.giurgiuveanul.ro\/stiri\/wp-content\/uploads\/2018\/04\/arestat-de-mascati-by-vasile-arcanu-250x148.jpg 250w, https:\/\/www.giurgiuveanul.ro\/stiri\/wp-content\/uploads\/2018\/04\/arestat-de-mascati-by-vasile-arcanu-400x238.jpg 400w, https:\/\/www.giurgiuveanul.ro\/stiri\/wp-content\/uploads\/2018\/04\/arestat-de-mascati-by-vasile-arcanu.jpg 800w\" sizes=\"auto, (max-width: 560px) 100vw, 560px\" \/><\/a>\u0218ase <!--more-->persoane b\u0103nuite c\u0103 au fost implicate luni, 2 aprilie a.c.,\u00a0 \u00eentr-un scandal \u00een care s-au folosit \u0219i arme de foc au fost re\u021binute de poli\u021bi\u0219tii giurgiuveni.<\/strong><\/p>\n<p style=\"text-align: justify;\">Luni, 2 aprilie a.c., \u00een jurul orei 10.30 poli\u021bi\u0219tii au fost sesiza\u021bi\u00a0 prin Sistemul Na\u021bional de Apeluri de Urgen\u021b\u0103 112, c\u0103 \u00een comuna Clejani, jude\u021bul Giurgiu, are loc un scandal \u00een care sunt implicate mai multe persoane.<\/p>\n<p style=\"text-align: justify;\">Poli\u021bi\u0219tii au intervenit \u0219i au restabilit climatul de ordine \u0219i lini\u0219te public\u0103, stabilind c\u0103 \u00een conflict au fost implicate dou\u0103 familii din localitatea Clejani, iar \u00een timpul alterca\u021biei s-a folosit o arma cu alice, fiind r\u0103nite mai multe persoane care au fost prezentate spre examinare la medicul legist.<\/p>\n<p style=\"text-align: justify;\">Mai multe persoane au fost conduse la audieri, iar de la fa\u021ba locului au fost ridicate tuburi de cartu\u0219e cu alice \u0219i un autoturism folosit de persoane b\u0103nuite \u00a0c\u0103 au participat la conflict.<\/p>\n<p style=\"text-align: justify;\">\u00cen cauz\u0103 poli\u021bi\u0219tii efectueaz\u0103 cercet\u0103ri sub coordonarea Parchetului de pe l\u00e2ng\u0103 judec\u0103toria Bolintin Vale pentru s\u0103v\u00e2r\u0219irea infrac\u021biunilor\u00a0 de \u00eenc\u0103ierare,\u00a0 tulburarea ordinii si lini\u0219tii publice, nerespectarea regimului armelor si muni\u021biilor \u0219i uzul de arm\u0103 f\u0103r\u0103 drept.<\/p>\n<p style=\"text-align: justify;\">\u00cen urma audierilor au fost re\u021binute \u0219ase persoane urm\u00e2nd sa fie prezenta\u021bi\u00a0 la Judec\u0103toria Bolintin Vale pentru luarea de m\u0103suri preventive.<\/p>\n<p style=\"text-align: justify;\">Cercet\u0103rile continu\u0103 pentru documentarea \u00eentregii activit\u0103\u021bii infrac\u021bionale iar pe raza localit\u0103\u021bii Clejani s-a instituit un dispozitiv de men\u021binere a ordinii publice, care desf\u0103\u0219oar\u0103 activit\u0103\u021bii \u00een zon\u0103 pentru pre\u00eent\u00e2mpinarea oric\u0103ror manifest\u0103rii de natur\u0103 a perturba lini\u0219tea cet\u0103\u021benilor.<\/p>\n","protected":false},"excerpt":{"rendered":"<p>\u0218ase<\/p>\n","protected":false},"author":1,"featured_media":0,"comment_status":"open","ping_status":"open","sticky":false,"template":"","format":"standard","meta":{"footnotes":""},"categories":[6],"tags":[],"class_list":["post-51438","post","type-post","status-publish","format-standard","hentry","category-breaking-news"],"_links":{"self":[{"href":"https:\/\/www.giurgiuveanul.ro\/stiri\/wp-json\/wp\/v2\/posts\/51438","targetHints":{"allow":["GET"]}}],"collection":[{"href":"https:\/\/www.giurgiuveanul.ro\/stiri\/wp-json\/wp\/v2\/posts"}],"about":[{"href":"https:\/\/www.giurgiuveanul.ro\/stiri\/wp-json\/wp\/v2\/types\/post"}],"author":[{"embeddable":true,"href":"https:\/\/www.giurgiuveanul.ro\/stiri\/wp-json\/wp\/v2\/users\/1"}],"replies":[{"embeddable":true,"href":"https:\/\/www.giurgiuveanul.ro\/stiri\/wp-json\/wp\/v2\/comments?post=51438"}],"version-history":[{"count":0,"href":"https:\/\/www.giurgiuveanul.ro\/stiri\/wp-json\/wp\/v2\/posts\/51438\/revisions"}],"wp:attachment":[{"href":"https:\/\/www.giurgiuveanul.ro\/stiri\/wp-json\/wp\/v2\/media?parent=51438"}],"wp:term":[{"taxonomy":"category","embeddable":true,"href":"https:\/\/www.giurgiuveanul.ro\/stiri\/wp-json\/wp\/v2\/categories?post=51438"},{"taxonomy":"post_tag","embeddable":true,"href":"https:\/\/www.giurgiuveanul.ro\/stiri\/wp-json\/wp\/v2\/tags?post=51438"}],"curies":[{"name":"wp","href":"https:\/\/api.w.org\/{rel}","templated":true}]}}