{"id":51445,"date":"2018-04-03T18:51:25","date_gmt":"2018-04-03T15:51:25","guid":{"rendered":"https:\/\/www.giurgiuveanul.ro\/stiri\/?p=51445"},"modified":"2018-04-03T18:51:25","modified_gmt":"2018-04-03T15:51:25","slug":"giurgiuvean-condamnat-pentru-tentativa-de-viol-retinut-si-depus-la-penitenciarul-giurgiu","status":"publish","type":"post","link":"https:\/\/www.giurgiuveanul.ro\/stiri\/giurgiuvean-condamnat-pentru-tentativa-de-viol-retinut-si-depus-la-penitenciarul-giurgiu\/","title":{"rendered":"Giurgiuvean condamnat pentru tentativ\u0103 de viol, re\u0163inut \u015fi depus la Penitenciarul Giurgiu"},"content":{"rendered":"<p style=\"text-align: justify;\"><strong><a href=\"https:\/\/www.giurgiuveanul.ro\/stiri\/wp-content\/uploads\/2018\/04\/catuse-4.jpg\"><img loading=\"lazy\" decoding=\"async\" class=\"aligncenter size-large wp-image-51446\" src=\"https:\/\/www.giurgiuveanul.ro\/stiri\/wp-content\/uploads\/2018\/04\/catuse-4-560x372.jpg\" alt=\"catuse-4\" width=\"560\" height=\"372\" srcset=\"https:\/\/www.giurgiuveanul.ro\/stiri\/wp-content\/uploads\/2018\/04\/catuse-4-560x372.jpg 560w, https:\/\/www.giurgiuveanul.ro\/stiri\/wp-content\/uploads\/2018\/04\/catuse-4-250x166.jpg 250w, https:\/\/www.giurgiuveanul.ro\/stiri\/wp-content\/uploads\/2018\/04\/catuse-4-400x266.jpg 400w, https:\/\/www.giurgiuveanul.ro\/stiri\/wp-content\/uploads\/2018\/04\/catuse-4.jpg 800w\" sizes=\"auto, (max-width: 560px) 100vw, 560px\" \/><\/a>Luni, 2 aprilie, a.c., poli\u021bi\u0219tii din cadrul Serviciului de Investiga\u021bii Criminale <!--more-->au depistat \u0219i re\u021binut un b\u0103rbat, de 25 de ani, din comuna Comana.<\/strong><\/p>\n<p style=\"text-align: justify;\">Judec\u0103toria Giurgiu a emis pe numele s\u0103u un mandat de executare a unei pedepse privative de libertate, fiind condamnat la doi ani \u0219i opt luni \u00eenchisoare \u00een regim de deten\u021bie, pentru comiterea infrac\u021biunii de tentativ\u0103 la viol.<\/p>\n<p style=\"text-align: justify;\">Cel \u00een cauz\u0103 a fost \u00eencarcerat \u00een Penitenciarul Giurgiu, pentru executarea pedepsei la care a fost condamnat.<\/p>\n","protected":false},"excerpt":{"rendered":"<p>Luni, 2 aprilie, a.c., poli\u021bi\u0219tii din cadrul Serviciului de Investiga\u021bii Criminale<\/p>\n","protected":false},"author":1,"featured_media":0,"comment_status":"open","ping_status":"open","sticky":false,"template":"","format":"standard","meta":{"footnotes":""},"categories":[6],"tags":[],"class_list":["post-51445","post","type-post","status-publish","format-standard","hentry","category-breaking-news"],"_links":{"self":[{"href":"https:\/\/www.giurgiuveanul.ro\/stiri\/wp-json\/wp\/v2\/posts\/51445","targetHints":{"allow":["GET"]}}],"collection":[{"href":"https:\/\/www.giurgiuveanul.ro\/stiri\/wp-json\/wp\/v2\/posts"}],"about":[{"href":"https:\/\/www.giurgiuveanul.ro\/stiri\/wp-json\/wp\/v2\/types\/post"}],"author":[{"embeddable":true,"href":"https:\/\/www.giurgiuveanul.ro\/stiri\/wp-json\/wp\/v2\/users\/1"}],"replies":[{"embeddable":true,"href":"https:\/\/www.giurgiuveanul.ro\/stiri\/wp-json\/wp\/v2\/comments?post=51445"}],"version-history":[{"count":0,"href":"https:\/\/www.giurgiuveanul.ro\/stiri\/wp-json\/wp\/v2\/posts\/51445\/revisions"}],"wp:attachment":[{"href":"https:\/\/www.giurgiuveanul.ro\/stiri\/wp-json\/wp\/v2\/media?parent=51445"}],"wp:term":[{"taxonomy":"category","embeddable":true,"href":"https:\/\/www.giurgiuveanul.ro\/stiri\/wp-json\/wp\/v2\/categories?post=51445"},{"taxonomy":"post_tag","embeddable":true,"href":"https:\/\/www.giurgiuveanul.ro\/stiri\/wp-json\/wp\/v2\/tags?post=51445"}],"curies":[{"name":"wp","href":"https:\/\/api.w.org\/{rel}","templated":true}]}}