{"id":51765,"date":"2018-04-13T09:22:22","date_gmt":"2018-04-13T06:22:22","guid":{"rendered":"https:\/\/www.giurgiuveanul.ro\/stiri\/?p=51765"},"modified":"2018-04-13T09:22:22","modified_gmt":"2018-04-13T06:22:22","slug":"la-multi-ani-domnule-director-ionel-muscalu","status":"publish","type":"post","link":"https:\/\/www.giurgiuveanul.ro\/stiri\/la-multi-ani-domnule-director-ionel-muscalu\/","title":{"rendered":"La Mul\u021bi Ani, domnule director Ionel Muscalu!"},"content":{"rendered":"<p style=\"text-align: justify;\"><a href=\"https:\/\/www.giurgiuveanul.ro\/stiri\/wp-content\/uploads\/2018\/04\/26114165_1841775972499664_314705762567985609_n.jpg\"><img loading=\"lazy\" decoding=\"async\" class=\"aligncenter size-large wp-image-51766\" src=\"https:\/\/www.giurgiuveanul.ro\/stiri\/wp-content\/uploads\/2018\/04\/26114165_1841775972499664_314705762567985609_n-405x450.jpg\" alt=\"26114165_1841775972499664_314705762567985609_n\" width=\"405\" height=\"450\" srcset=\"https:\/\/www.giurgiuveanul.ro\/stiri\/wp-content\/uploads\/2018\/04\/26114165_1841775972499664_314705762567985609_n-405x450.jpg 405w, https:\/\/www.giurgiuveanul.ro\/stiri\/wp-content\/uploads\/2018\/04\/26114165_1841775972499664_314705762567985609_n-250x277.jpg 250w, https:\/\/www.giurgiuveanul.ro\/stiri\/wp-content\/uploads\/2018\/04\/26114165_1841775972499664_314705762567985609_n-400x444.jpg 400w, https:\/\/www.giurgiuveanul.ro\/stiri\/wp-content\/uploads\/2018\/04\/26114165_1841775972499664_314705762567985609_n.jpg 865w\" sizes=\"auto, (max-width: 405px) 100vw, 405px\" \/><\/a>Ast\u0103zi,\u00a0directorul\u00a0Muzeului Jude\u0163ean &#8222;Teohari Antonescu, domnul\u00a0<strong>Ionel Muscalu<\/strong>, \u00eempline\u015fte o frumoas\u0103 v\u00e2rst\u0103.<\/p>\n<p style=\"text-align: justify;\">Cu ocazia<!--more--> zilei Dumneavoastr\u0103 de na\u0219tere V\u0103 transmitem sincere \u0219i cordiale felicit\u0103ri \u0219i ur\u0103ri de bine, dorindu-V\u0103 s\u0103n\u0103tate \u0219i realiz\u0103ri deosebite \u00een activitatea pe care o desf\u0103\u0219ura\u021bi.<\/p>\n<p style=\"text-align: justify;\">LA MUL\u021aI ANI!<\/p>\n<p>&nbsp;<\/p>\n","protected":false},"excerpt":{"rendered":"<p>Ast\u0103zi,\u00a0directorul\u00a0Muzeului Jude\u0163ean &#8222;Teohari Antonescu, domnul\u00a0Ionel Muscalu, \u00eempline\u015fte o frumoas\u0103 v\u00e2rst\u0103. Cu ocazia<\/p>\n","protected":false},"author":1,"featured_media":0,"comment_status":"open","ping_status":"open","sticky":false,"template":"","format":"standard","meta":{"footnotes":""},"categories":[16],"tags":[],"class_list":["post-51765","post","type-post","status-publish","format-standard","hentry","category-astazi-e-ziua-ta"],"_links":{"self":[{"href":"https:\/\/www.giurgiuveanul.ro\/stiri\/wp-json\/wp\/v2\/posts\/51765","targetHints":{"allow":["GET"]}}],"collection":[{"href":"https:\/\/www.giurgiuveanul.ro\/stiri\/wp-json\/wp\/v2\/posts"}],"about":[{"href":"https:\/\/www.giurgiuveanul.ro\/stiri\/wp-json\/wp\/v2\/types\/post"}],"author":[{"embeddable":true,"href":"https:\/\/www.giurgiuveanul.ro\/stiri\/wp-json\/wp\/v2\/users\/1"}],"replies":[{"embeddable":true,"href":"https:\/\/www.giurgiuveanul.ro\/stiri\/wp-json\/wp\/v2\/comments?post=51765"}],"version-history":[{"count":0,"href":"https:\/\/www.giurgiuveanul.ro\/stiri\/wp-json\/wp\/v2\/posts\/51765\/revisions"}],"wp:attachment":[{"href":"https:\/\/www.giurgiuveanul.ro\/stiri\/wp-json\/wp\/v2\/media?parent=51765"}],"wp:term":[{"taxonomy":"category","embeddable":true,"href":"https:\/\/www.giurgiuveanul.ro\/stiri\/wp-json\/wp\/v2\/categories?post=51765"},{"taxonomy":"post_tag","embeddable":true,"href":"https:\/\/www.giurgiuveanul.ro\/stiri\/wp-json\/wp\/v2\/tags?post=51765"}],"curies":[{"name":"wp","href":"https:\/\/api.w.org\/{rel}","templated":true}]}}