{"id":52736,"date":"2018-05-21T17:18:28","date_gmt":"2018-05-21T14:18:28","guid":{"rendered":"https:\/\/www.giurgiuveanul.ro\/stiri\/?p=52736"},"modified":"2018-05-21T17:18:28","modified_gmt":"2018-05-21T14:18:28","slug":"la-multi-ani-domnule-primar-constantin-stoica","status":"publish","type":"post","link":"https:\/\/www.giurgiuveanul.ro\/stiri\/la-multi-ani-domnule-primar-constantin-stoica\/","title":{"rendered":"La Mul\u0163i Ani, domnule primar Constantin Stoica!"},"content":{"rendered":"<p style=\"text-align: justify;\"><a href=\"https:\/\/www.giurgiuveanul.ro\/stiri\/wp-content\/uploads\/2018\/05\/IMG_0168.jpg\"><img loading=\"lazy\" decoding=\"async\" class=\"aligncenter size-large wp-image-52737\" src=\"https:\/\/www.giurgiuveanul.ro\/stiri\/wp-content\/uploads\/2018\/05\/IMG_0168-488x450.jpg\" alt=\"IMG_0168\" width=\"488\" height=\"450\" srcset=\"https:\/\/www.giurgiuveanul.ro\/stiri\/wp-content\/uploads\/2018\/05\/IMG_0168-488x450.jpg 488w, https:\/\/www.giurgiuveanul.ro\/stiri\/wp-content\/uploads\/2018\/05\/IMG_0168-250x230.jpg 250w, https:\/\/www.giurgiuveanul.ro\/stiri\/wp-content\/uploads\/2018\/05\/IMG_0168-400x369.jpg 400w, https:\/\/www.giurgiuveanul.ro\/stiri\/wp-content\/uploads\/2018\/05\/IMG_0168.jpg 800w\" sizes=\"auto, (max-width: 488px) 100vw, 488px\" \/><\/a>Ziua onomastic\u0103 a <!--more-->oric\u0103rei persoane reprezint\u0103 un prilej de bucurie pentru familie, prieteni, apropia\u0163i. Ast\u0103zi este r\u00e2ndul primarului comunei Coliba\u015fi s\u0103 primeasc\u0103 cele mai frumoase ur\u0103ri de bine, s\u0103n\u0103tate \u015fi foarte multe bucurii al\u0103turi de to\u0163i cei dragi.<\/p>\n<p style=\"text-align: justify;\">Domnule primar Constantin Stoica, sunte\u0163i un om special pentru locuitorii comunei Coliba\u015fi \u015fi nu doar pentru ei, merita\u0163i din plin cele mai alese g\u00e2nduri din partea tuturor.<\/p>\n<p style=\"text-align: justify;\">Redac\u0163ia GIURGIUVEANUL \u00eei ureaz\u0103 domnului primar de la Coliba\u015fi s\u0103 aib\u0103 parte de cele mai minunate bucurii, putere de munc\u0103, s\u0103 fie s\u0103n\u0103tos \u015fi mul\u0163i ani foarte, foarte ferici\u0163i!<\/p>\n<p style=\"text-align: justify;\"><em>La Mul\u0163i Ani, domnule primar Constantin Stoica!<\/em><\/p>\n","protected":false},"excerpt":{"rendered":"<p>Ziua onomastic\u0103 a<\/p>\n","protected":false},"author":1,"featured_media":0,"comment_status":"open","ping_status":"open","sticky":false,"template":"","format":"standard","meta":{"footnotes":""},"categories":[16],"tags":[],"class_list":["post-52736","post","type-post","status-publish","format-standard","hentry","category-astazi-e-ziua-ta"],"_links":{"self":[{"href":"https:\/\/www.giurgiuveanul.ro\/stiri\/wp-json\/wp\/v2\/posts\/52736","targetHints":{"allow":["GET"]}}],"collection":[{"href":"https:\/\/www.giurgiuveanul.ro\/stiri\/wp-json\/wp\/v2\/posts"}],"about":[{"href":"https:\/\/www.giurgiuveanul.ro\/stiri\/wp-json\/wp\/v2\/types\/post"}],"author":[{"embeddable":true,"href":"https:\/\/www.giurgiuveanul.ro\/stiri\/wp-json\/wp\/v2\/users\/1"}],"replies":[{"embeddable":true,"href":"https:\/\/www.giurgiuveanul.ro\/stiri\/wp-json\/wp\/v2\/comments?post=52736"}],"version-history":[{"count":0,"href":"https:\/\/www.giurgiuveanul.ro\/stiri\/wp-json\/wp\/v2\/posts\/52736\/revisions"}],"wp:attachment":[{"href":"https:\/\/www.giurgiuveanul.ro\/stiri\/wp-json\/wp\/v2\/media?parent=52736"}],"wp:term":[{"taxonomy":"category","embeddable":true,"href":"https:\/\/www.giurgiuveanul.ro\/stiri\/wp-json\/wp\/v2\/categories?post=52736"},{"taxonomy":"post_tag","embeddable":true,"href":"https:\/\/www.giurgiuveanul.ro\/stiri\/wp-json\/wp\/v2\/tags?post=52736"}],"curies":[{"name":"wp","href":"https:\/\/api.w.org\/{rel}","templated":true}]}}