{"id":52895,"date":"2018-05-29T15:03:47","date_gmt":"2018-05-29T12:03:47","guid":{"rendered":"https:\/\/www.giurgiuveanul.ro\/stiri\/?p=52895"},"modified":"2018-05-29T15:04:58","modified_gmt":"2018-05-29T12:04:58","slug":"procesiune-si-rugaciune-pentru-ploaie-astazi-la-putineiu-foto","status":"publish","type":"post","link":"https:\/\/www.giurgiuveanul.ro\/stiri\/procesiune-si-rugaciune-pentru-ploaie-astazi-la-putineiu-foto\/","title":{"rendered":"PROCESIUNE \u015fi RUG\u0102CIUNE pentru PLOAIE, ast\u0103zi, la Putineiu! (FOTO)"},"content":{"rendered":"<p style=\"text-align: justify;\"><strong><a href=\"https:\/\/www.giurgiuveanul.ro\/stiri\/wp-content\/uploads\/2018\/05\/IMG_5146.jpg\"><img loading=\"lazy\" decoding=\"async\" class=\"aligncenter size-large wp-image-52896\" src=\"https:\/\/www.giurgiuveanul.ro\/stiri\/wp-content\/uploads\/2018\/05\/IMG_5146-560x417.jpg\" alt=\"IMG_5146\" width=\"560\" height=\"417\" srcset=\"https:\/\/www.giurgiuveanul.ro\/stiri\/wp-content\/uploads\/2018\/05\/IMG_5146-560x417.jpg 560w, https:\/\/www.giurgiuveanul.ro\/stiri\/wp-content\/uploads\/2018\/05\/IMG_5146-250x186.jpg 250w, https:\/\/www.giurgiuveanul.ro\/stiri\/wp-content\/uploads\/2018\/05\/IMG_5146-400x298.jpg 400w, https:\/\/www.giurgiuveanul.ro\/stiri\/wp-content\/uploads\/2018\/05\/IMG_5146.jpg 800w\" sizes=\"auto, (max-width: 560px) 100vw, 560px\" \/><\/a>Locuitorii comunei Putineiu s-au RUGAT, ast\u0103zi, pentru ploaie. Astfel,<!--more--> c\u00e2teva sute de credincio\u0219i au participat la o procesiunea condus\u0103 de zece preo\u021bi, pe strada principal\u0103 din Putineiu, p\u00e2n\u0103 pe un c\u00e2mp de la ie\u015firea din comun\u0103, \u0219i au cerut, prin rug\u0103ciune, ca p\u0103m\u00e2ntul s\u0103 rodeasc\u0103 \u015fi s\u0103 nu mai fie secet\u0103.<\/strong><\/p>\n<p style=\"text-align: justify;\"><a href=\"https:\/\/www.giurgiuveanul.ro\/stiri\/wp-content\/uploads\/2018\/05\/IMG_5216.jpg\"><img loading=\"lazy\" decoding=\"async\" class=\"aligncenter size-large wp-image-52897\" src=\"https:\/\/www.giurgiuveanul.ro\/stiri\/wp-content\/uploads\/2018\/05\/IMG_5216-560x343.jpg\" alt=\"IMG_5216\" width=\"560\" height=\"343\" srcset=\"https:\/\/www.giurgiuveanul.ro\/stiri\/wp-content\/uploads\/2018\/05\/IMG_5216-560x343.jpg 560w, https:\/\/www.giurgiuveanul.ro\/stiri\/wp-content\/uploads\/2018\/05\/IMG_5216-250x153.jpg 250w, https:\/\/www.giurgiuveanul.ro\/stiri\/wp-content\/uploads\/2018\/05\/IMG_5216-400x245.jpg 400w, https:\/\/www.giurgiuveanul.ro\/stiri\/wp-content\/uploads\/2018\/05\/IMG_5216.jpg 800w\" sizes=\"auto, (max-width: 560px) 100vw, 560px\" \/><\/a><\/p>\n<p style=\"text-align: justify;\">Cu binecuv\u00e2ntarea Preasfin\u021bitului P\u0103rinte Dr. Ambrozie, Episcopul Giurgiului, protopopul de Giurgiu, p\u0103rintele Nicu\u015for Puflea, a condus procesiunea.<\/p>\n<p style=\"text-align: justify;\">Ini\u0163iativa a apar\u0163inut primarului comunei Putineiu, <strong>Gheorghe Breazu<\/strong>, care este de p\u0103rere c\u0103 aceast\u0103 slujb\u0103 special\u0103 este considerat\u0103 ultima speran\u021b\u0103 la vreme de secet\u0103.<\/p>\n<p style=\"text-align: justify;\"><a href=\"https:\/\/www.giurgiuveanul.ro\/stiri\/wp-content\/uploads\/2018\/05\/IMG_5167.jpg\"><img loading=\"lazy\" decoding=\"async\" class=\"aligncenter size-large wp-image-52898\" src=\"https:\/\/www.giurgiuveanul.ro\/stiri\/wp-content\/uploads\/2018\/05\/IMG_5167-541x450.jpg\" alt=\"IMG_5167\" width=\"541\" height=\"450\" srcset=\"https:\/\/www.giurgiuveanul.ro\/stiri\/wp-content\/uploads\/2018\/05\/IMG_5167-541x450.jpg 541w, https:\/\/www.giurgiuveanul.ro\/stiri\/wp-content\/uploads\/2018\/05\/IMG_5167-250x208.jpg 250w, https:\/\/www.giurgiuveanul.ro\/stiri\/wp-content\/uploads\/2018\/05\/IMG_5167-400x333.jpg 400w, https:\/\/www.giurgiuveanul.ro\/stiri\/wp-content\/uploads\/2018\/05\/IMG_5167.jpg 800w\" sizes=\"auto, (max-width: 541px) 100vw, 541px\" \/><\/a><\/p>\n<p style=\"text-align: justify;\">Pe l\u00e2ng\u0103 reprezentan\u0163ii presei locale, la manifestare a participat \u015fi Rom\u00e2nia TV, care a transmis \u00een direct.<\/p>\n<p style=\"text-align: justify;\"><a href=\"https:\/\/www.giurgiuveanul.ro\/stiri\/wp-content\/uploads\/2018\/05\/IMG_5163.jpg\"><img loading=\"lazy\" decoding=\"async\" class=\"aligncenter size-large wp-image-52899\" src=\"https:\/\/www.giurgiuveanul.ro\/stiri\/wp-content\/uploads\/2018\/05\/IMG_5163-560x387.jpg\" alt=\"IMG_5163\" width=\"560\" height=\"387\" srcset=\"https:\/\/www.giurgiuveanul.ro\/stiri\/wp-content\/uploads\/2018\/05\/IMG_5163-560x387.jpg 560w, https:\/\/www.giurgiuveanul.ro\/stiri\/wp-content\/uploads\/2018\/05\/IMG_5163-250x173.jpg 250w, https:\/\/www.giurgiuveanul.ro\/stiri\/wp-content\/uploads\/2018\/05\/IMG_5163-400x277.jpg 400w, https:\/\/www.giurgiuveanul.ro\/stiri\/wp-content\/uploads\/2018\/05\/IMG_5163.jpg 800w\" sizes=\"auto, (max-width: 560px) 100vw, 560px\" \/><\/a><\/p>\n<p style=\"text-align: justify;\">Clericii au decis ca \u00een procesiune s\u0103 fie scoas\u0103 icoana Sfintei Treimi.<\/p>\n<p style=\"text-align: justify;\">Pe c\u00e2mp, preo\u0163ii au s\u0103v\u00e2r\u015fit o rug\u0103ciune special pentru ploaie. Totodat\u0103, a fost citit\u0103 rug\u0103ciunea pentru iertarea tuturor p\u0103catelor, r\u00e2nduiala la vreme de secet\u0103 \u015fi slujba Agheasmei Mici.<\/p>\n<p style=\"text-align: justify;\"><a href=\"https:\/\/www.giurgiuveanul.ro\/stiri\/wp-content\/uploads\/2018\/05\/IMG_5187.jpg\"><img loading=\"lazy\" decoding=\"async\" class=\"aligncenter size-large wp-image-52900\" src=\"https:\/\/www.giurgiuveanul.ro\/stiri\/wp-content\/uploads\/2018\/05\/IMG_5187-560x382.jpg\" alt=\"IMG_5187\" width=\"560\" height=\"382\" srcset=\"https:\/\/www.giurgiuveanul.ro\/stiri\/wp-content\/uploads\/2018\/05\/IMG_5187-560x382.jpg 560w, https:\/\/www.giurgiuveanul.ro\/stiri\/wp-content\/uploads\/2018\/05\/IMG_5187-250x170.jpg 250w, https:\/\/www.giurgiuveanul.ro\/stiri\/wp-content\/uploads\/2018\/05\/IMG_5187-400x273.jpg 400w, https:\/\/www.giurgiuveanul.ro\/stiri\/wp-content\/uploads\/2018\/05\/IMG_5187.jpg 800w\" sizes=\"auto, (max-width: 560px) 100vw, 560px\" \/><\/a><\/p>\n<p style=\"text-align: justify;\"><a href=\"https:\/\/www.giurgiuveanul.ro\/stiri\/wp-content\/uploads\/2018\/05\/IMG_5171.jpg\"><img loading=\"lazy\" decoding=\"async\" class=\"aligncenter size-large wp-image-52901\" src=\"https:\/\/www.giurgiuveanul.ro\/stiri\/wp-content\/uploads\/2018\/05\/IMG_5171-560x386.jpg\" alt=\"IMG_5171\" width=\"560\" height=\"386\" srcset=\"https:\/\/www.giurgiuveanul.ro\/stiri\/wp-content\/uploads\/2018\/05\/IMG_5171-560x386.jpg 560w, https:\/\/www.giurgiuveanul.ro\/stiri\/wp-content\/uploads\/2018\/05\/IMG_5171-250x172.jpg 250w, https:\/\/www.giurgiuveanul.ro\/stiri\/wp-content\/uploads\/2018\/05\/IMG_5171-400x276.jpg 400w, https:\/\/www.giurgiuveanul.ro\/stiri\/wp-content\/uploads\/2018\/05\/IMG_5171.jpg 800w\" sizes=\"auto, (max-width: 560px) 100vw, 560px\" \/><\/a><\/p>\n<p style=\"text-align: justify;\"><a href=\"https:\/\/www.giurgiuveanul.ro\/stiri\/wp-content\/uploads\/2018\/05\/IMG_5223.jpg\"><img loading=\"lazy\" decoding=\"async\" class=\"aligncenter size-large wp-image-52902\" src=\"https:\/\/www.giurgiuveanul.ro\/stiri\/wp-content\/uploads\/2018\/05\/IMG_5223-560x366.jpg\" alt=\"IMG_5223\" width=\"560\" height=\"366\" srcset=\"https:\/\/www.giurgiuveanul.ro\/stiri\/wp-content\/uploads\/2018\/05\/IMG_5223-560x366.jpg 560w, https:\/\/www.giurgiuveanul.ro\/stiri\/wp-content\/uploads\/2018\/05\/IMG_5223-250x163.jpg 250w, https:\/\/www.giurgiuveanul.ro\/stiri\/wp-content\/uploads\/2018\/05\/IMG_5223-400x262.jpg 400w, https:\/\/www.giurgiuveanul.ro\/stiri\/wp-content\/uploads\/2018\/05\/IMG_5223.jpg 800w\" sizes=\"auto, (max-width: 560px) 100vw, 560px\" \/><\/a><\/p>\n<p style=\"text-align: justify;\"><a href=\"https:\/\/www.giurgiuveanul.ro\/stiri\/wp-content\/uploads\/2018\/05\/IMG_5237.jpg\"><img loading=\"lazy\" decoding=\"async\" class=\"aligncenter size-large wp-image-52903\" src=\"https:\/\/www.giurgiuveanul.ro\/stiri\/wp-content\/uploads\/2018\/05\/IMG_5237-486x450.jpg\" alt=\"IMG_5237\" width=\"486\" height=\"450\" srcset=\"https:\/\/www.giurgiuveanul.ro\/stiri\/wp-content\/uploads\/2018\/05\/IMG_5237-486x450.jpg 486w, https:\/\/www.giurgiuveanul.ro\/stiri\/wp-content\/uploads\/2018\/05\/IMG_5237-250x232.jpg 250w, https:\/\/www.giurgiuveanul.ro\/stiri\/wp-content\/uploads\/2018\/05\/IMG_5237-400x371.jpg 400w, https:\/\/www.giurgiuveanul.ro\/stiri\/wp-content\/uploads\/2018\/05\/IMG_5237.jpg 800w\" sizes=\"auto, (max-width: 486px) 100vw, 486px\" \/><\/a><\/p>\n<p style=\"text-align: justify;\"><a href=\"https:\/\/www.giurgiuveanul.ro\/stiri\/wp-content\/uploads\/2018\/05\/IMG_5240.jpg\"><img loading=\"lazy\" decoding=\"async\" class=\"aligncenter size-large wp-image-52904\" src=\"https:\/\/www.giurgiuveanul.ro\/stiri\/wp-content\/uploads\/2018\/05\/IMG_5240-560x335.jpg\" alt=\"IMG_5240\" width=\"560\" height=\"335\" srcset=\"https:\/\/www.giurgiuveanul.ro\/stiri\/wp-content\/uploads\/2018\/05\/IMG_5240-560x335.jpg 560w, https:\/\/www.giurgiuveanul.ro\/stiri\/wp-content\/uploads\/2018\/05\/IMG_5240-250x150.jpg 250w, https:\/\/www.giurgiuveanul.ro\/stiri\/wp-content\/uploads\/2018\/05\/IMG_5240-400x240.jpg 400w, https:\/\/www.giurgiuveanul.ro\/stiri\/wp-content\/uploads\/2018\/05\/IMG_5240.jpg 800w\" sizes=\"auto, (max-width: 560px) 100vw, 560px\" \/><\/a><\/p>\n","protected":false},"excerpt":{"rendered":"<p>Locuitorii comunei Putineiu s-au RUGAT, ast\u0103zi, pentru ploaie. Astfel,<\/p>\n","protected":false},"author":1,"featured_media":0,"comment_status":"open","ping_status":"open","sticky":false,"template":"","format":"standard","meta":{"footnotes":""},"categories":[6],"tags":[],"class_list":["post-52895","post","type-post","status-publish","format-standard","hentry","category-breaking-news"],"_links":{"self":[{"href":"https:\/\/www.giurgiuveanul.ro\/stiri\/wp-json\/wp\/v2\/posts\/52895","targetHints":{"allow":["GET"]}}],"collection":[{"href":"https:\/\/www.giurgiuveanul.ro\/stiri\/wp-json\/wp\/v2\/posts"}],"about":[{"href":"https:\/\/www.giurgiuveanul.ro\/stiri\/wp-json\/wp\/v2\/types\/post"}],"author":[{"embeddable":true,"href":"https:\/\/www.giurgiuveanul.ro\/stiri\/wp-json\/wp\/v2\/users\/1"}],"replies":[{"embeddable":true,"href":"https:\/\/www.giurgiuveanul.ro\/stiri\/wp-json\/wp\/v2\/comments?post=52895"}],"version-history":[{"count":0,"href":"https:\/\/www.giurgiuveanul.ro\/stiri\/wp-json\/wp\/v2\/posts\/52895\/revisions"}],"wp:attachment":[{"href":"https:\/\/www.giurgiuveanul.ro\/stiri\/wp-json\/wp\/v2\/media?parent=52895"}],"wp:term":[{"taxonomy":"category","embeddable":true,"href":"https:\/\/www.giurgiuveanul.ro\/stiri\/wp-json\/wp\/v2\/categories?post=52895"},{"taxonomy":"post_tag","embeddable":true,"href":"https:\/\/www.giurgiuveanul.ro\/stiri\/wp-json\/wp\/v2\/tags?post=52895"}],"curies":[{"name":"wp","href":"https:\/\/api.w.org\/{rel}","templated":true}]}}