{"id":53077,"date":"2018-06-08T11:34:25","date_gmt":"2018-06-08T08:34:25","guid":{"rendered":"https:\/\/www.giurgiuveanul.ro\/stiri\/?p=53077"},"modified":"2018-06-08T11:44:55","modified_gmt":"2018-06-08T08:44:55","slug":"la-multi-ani-doamna-director-viorica-banescu","status":"publish","type":"post","link":"https:\/\/www.giurgiuveanul.ro\/stiri\/la-multi-ani-doamna-director-viorica-banescu\/","title":{"rendered":"La Mul\u0163i Ani, doamna director Viorica B\u0103nescu!"},"content":{"rendered":"<p style=\"margin: 0cm; margin-bottom: .0001pt; text-align: justify; text-justify: inter-ideograph; background: white;\"><a href=\"https:\/\/www.giurgiuveanul.ro\/stiri\/wp-content\/uploads\/2018\/06\/34719486_826072610926106_1430849323662311424_n.jpg\"><img loading=\"lazy\" decoding=\"async\" class=\"aligncenter size-large wp-image-53078\" src=\"https:\/\/www.giurgiuveanul.ro\/stiri\/wp-content\/uploads\/2018\/06\/34719486_826072610926106_1430849323662311424_n-342x450.jpg\" alt=\"34719486_826072610926106_1430849323662311424_n\" width=\"342\" height=\"450\" srcset=\"https:\/\/www.giurgiuveanul.ro\/stiri\/wp-content\/uploads\/2018\/06\/34719486_826072610926106_1430849323662311424_n-342x450.jpg 342w, https:\/\/www.giurgiuveanul.ro\/stiri\/wp-content\/uploads\/2018\/06\/34719486_826072610926106_1430849323662311424_n-228x300.jpg 228w, https:\/\/www.giurgiuveanul.ro\/stiri\/wp-content\/uploads\/2018\/06\/34719486_826072610926106_1430849323662311424_n-400x527.jpg 400w, https:\/\/www.giurgiuveanul.ro\/stiri\/wp-content\/uploads\/2018\/06\/34719486_826072610926106_1430849323662311424_n.jpg 729w\" sizes=\"auto, (max-width: 342px) 100vw, 342px\" \/><\/a>Ast\u0103zi este <!--more-->ziua de na\u015ftere a directorului Direc\u0163iei de Asisten\u0163\u0103 Social\u0103 Giurgiu, <strong>doamna Viorica B\u0103nescu<\/strong>. O felicit\u0103m cordial cu prilejul frumoasei anivers\u0103ri, c\u00e2nd \u00eempline\u015fte 57 de ani.<br \/>\nDelicate\u0163ea, elegan\u0163a, sim\u0163ul omeniei de care d\u0103 dovad\u0103, merg m\u00e2n\u0103 \u00een m\u00e2n\u0103 cu \u00een\u0163elegerea \u015fi bun\u0103voin\u0163a, ca o adev\u0103rat\u0103 Doamn\u0103!<br \/>\nDe aceea, ast\u0103zi, la ceas aniversar \u00eei dorim mult\u0103 putere de munc\u0103, spirit viu, aceea\u015fi dorin\u0163\u0103 nem\u0103surat\u0103 de a face bine \u015fi, mai ales, mult\u0103 s\u0103n\u0103tate!<br \/>\n<em>La Mul\u0163i Ani, doamna director Viorica B\u0103nescu!<\/em><\/p>\n","protected":false},"excerpt":{"rendered":"<p>Ast\u0103zi este<\/p>\n","protected":false},"author":1,"featured_media":0,"comment_status":"open","ping_status":"open","sticky":false,"template":"","format":"standard","meta":{"footnotes":""},"categories":[16],"tags":[],"class_list":["post-53077","post","type-post","status-publish","format-standard","hentry","category-astazi-e-ziua-ta"],"_links":{"self":[{"href":"https:\/\/www.giurgiuveanul.ro\/stiri\/wp-json\/wp\/v2\/posts\/53077","targetHints":{"allow":["GET"]}}],"collection":[{"href":"https:\/\/www.giurgiuveanul.ro\/stiri\/wp-json\/wp\/v2\/posts"}],"about":[{"href":"https:\/\/www.giurgiuveanul.ro\/stiri\/wp-json\/wp\/v2\/types\/post"}],"author":[{"embeddable":true,"href":"https:\/\/www.giurgiuveanul.ro\/stiri\/wp-json\/wp\/v2\/users\/1"}],"replies":[{"embeddable":true,"href":"https:\/\/www.giurgiuveanul.ro\/stiri\/wp-json\/wp\/v2\/comments?post=53077"}],"version-history":[{"count":0,"href":"https:\/\/www.giurgiuveanul.ro\/stiri\/wp-json\/wp\/v2\/posts\/53077\/revisions"}],"wp:attachment":[{"href":"https:\/\/www.giurgiuveanul.ro\/stiri\/wp-json\/wp\/v2\/media?parent=53077"}],"wp:term":[{"taxonomy":"category","embeddable":true,"href":"https:\/\/www.giurgiuveanul.ro\/stiri\/wp-json\/wp\/v2\/categories?post=53077"},{"taxonomy":"post_tag","embeddable":true,"href":"https:\/\/www.giurgiuveanul.ro\/stiri\/wp-json\/wp\/v2\/tags?post=53077"}],"curies":[{"name":"wp","href":"https:\/\/api.w.org\/{rel}","templated":true}]}}