{"id":53461,"date":"2018-06-24T15:54:50","date_gmt":"2018-06-24T12:54:50","guid":{"rendered":"https:\/\/www.giurgiuveanul.ro\/stiri\/?p=53461"},"modified":"2018-06-24T15:54:50","modified_gmt":"2018-06-24T12:54:50","slug":"ce-este-de-facut","status":"publish","type":"post","link":"https:\/\/www.giurgiuveanul.ro\/stiri\/ce-este-de-facut\/","title":{"rendered":"CE ESTE DE F\u0102CUT?"},"content":{"rendered":"<p style=\"text-align: justify;\"><strong><a href=\"https:\/\/www.giurgiuveanul.ro\/stiri\/wp-content\/uploads\/2018\/06\/Neintitulat.png\"><img loading=\"lazy\" decoding=\"async\" class=\"aligncenter size-large wp-image-53462\" src=\"https:\/\/www.giurgiuveanul.ro\/stiri\/wp-content\/uploads\/2018\/06\/Neintitulat-560x372.png\" alt=\"Neintitulat\" width=\"560\" height=\"372\" srcset=\"https:\/\/www.giurgiuveanul.ro\/stiri\/wp-content\/uploads\/2018\/06\/Neintitulat-560x372.png 560w, https:\/\/www.giurgiuveanul.ro\/stiri\/wp-content\/uploads\/2018\/06\/Neintitulat-250x166.png 250w, https:\/\/www.giurgiuveanul.ro\/stiri\/wp-content\/uploads\/2018\/06\/Neintitulat-400x266.png 400w, https:\/\/www.giurgiuveanul.ro\/stiri\/wp-content\/uploads\/2018\/06\/Neintitulat.png 800w\" sizes=\"auto, (max-width: 560px) 100vw, 560px\" \/><\/a>Jale. Giurgiu,ultimul loc pe \u0163ar\u0103 la\u00a0 Evaluarea Nna\u0163ional\u0103.<\/strong> A\u015fa<!--more--> suna titlul unei \u015ftiri din GIURGIUVEANUL zilei de 19 iunie . L-am citit cu aten\u0163ie \u015fi l-am recitit. Cu triste\u0163e!<\/p>\n<p style=\"text-align: justify;\">Primul cuv\u00e2nt al \u015ftirii,<strong><em> jale<\/em><\/strong> , pus \u00een leg\u0103tur\u0103 cu sintagma <strong><em>ultimul loc<\/em><\/strong> \u00eemi suna a dang\u0103t de clopot dintr-un sat depopulat de pe o costi\u015f\u0103 de deal.<\/p>\n<p style=\"text-align: justify;\">Fiind vorba de \u015fcoal\u0103 \u015fi, mai ales, fiind vorba de copii \u2013elevi -, nici c\u0103 se putea altfel, am revenit asupra articolului s\u0103 v\u0103d ecoul.<\/p>\n<p style=\"text-align: justify;\">Mi-am impus s\u0103 citesc toate insemn\u0103rile cu respect, cu aten\u0163ie, \u00eenz\u0103uat cu experien\u0163a muncii la catedr\u0103 \u00eentr-o \u015fcoal\u0103 profesional\u0103 \u015fi \u00eentr-un liceu industrial timp de peste 35 de ani \u015fi , cu deosebire, cu iubirea\u00a0 de bunic a celor trei nepoate, toate \u015fcol\u0103ri\u0163e!<\/p>\n<p style=\"text-align: justify;\">Nu am v\u0103zut, cum cred c\u0103 ar fi fost necesar, reac\u0163ia niciunei autorit\u0103\u0163i locale ! Nu am v\u0103zut, cum s-ar fi impus s\u0103 existe, asumarea r\u0103spunderii de c\u0103tre un p\u0103rinte!<\/p>\n<p style=\"text-align: justify;\">Am aflat din pres\u0103 c\u0103 mul\u0163i copii sunt institu\u0163ionaliza\u0163i, c\u0103 multe mame sunt plecate \u00een str\u0103in\u0103tate \u015fi au l\u0103sat copiii \u00een grija nim\u0103nui!!!, mi se pare prea mare num\u0103rul asisten\u0163ilor maternali,- foarte bine c\u0103 sunt!-, am v\u0103zut ta\u0163i a\u015ftept\u00e2nd \u00een fa\u0163a po\u015ftei\u00a0 aloca\u0163iile copiilor pentru a merge apoi la bufet!, am v\u0103zut mame st\u00e2nd la col\u0163 de strad\u0103 urm\u0103rind\u00a0 copiii trimi\u015fi \u00een intersec\u0163ie la cer\u015fit, am aflat tot din pres\u0103 c\u0103 \u00een Rom\u00e2nia, \u015fi nu avem dec\u00e2t 20 de milioane de locuitori, exist\u0103 cea mai t\u00e2n\u0103r\u0103 bunicu\u0163\u0103 din lume, am aflat c\u0103, \u00een Rom\u00e2nia veacului \u00een care tr\u0103iesc, un medic a dat un diagnostic cutremur\u0103tor , <em>copil bolnav de dorul de mam\u0103!!!<\/em> \u00cemi vine s\u0103 ies \u00een strad\u0103 \u015fi s\u0103 strig:-\u00a0<strong><em>Rom\u00e2nie, \u00eencotro?<\/em><\/strong><\/p>\n<p style=\"text-align: justify;\">Revenind la \u00eensemn\u0103rile citite, am \u00eent\u00e2lnit for\u0163a rom\u00e2nului de a face haz de necaz:- <strong><em>\u00centoarcem foaia invers, si suntem primii. Sau facem un miting<\/em><\/strong><em>.<\/em>Umorul alin\u0103, dar nu vindec\u0103!<\/p>\n<p style=\"text-align: justify;\">Am v\u0103zut \u00een schimb pe cei care au desoperit vinova\u0163ii: profesorii. <strong><em>Perfect , felicit\u0103ri \u2026 cei mai buni dasc\u0103li din \u0163ar\u0103 \u2026MERIT\u0102 O PRIM\u0102\u00a0 DE VACAN\u0162\u0102\u00a0 D E F I N I T I V \u0102 \u2026 s\u0103 se duc\u0103 la \u2026\u2026vai de capul vostru ! <\/em>\/ <em>M\u0103ri\u0163i-le salariile profesorilor c\u0103 merit\u0103. Confirm\u0103 rezultatele la examen. \/ Ru\u015fine ,ru\u015fine s\u0103 le fie profesorilor care nu \u00ee\u015fi mai dau interesul vor doar salarii \u015fi medita\u0163ii \u00een particular neimpozitate.<\/em><\/strong><\/p>\n<p style=\"text-align: justify;\">F\u0103r\u0103 s\u0103 repro\u015fez cuiva ceva, amintesc doar c\u0103 tot \u00een pres\u0103 am citit de cazuri \u00een care elevii au b\u0103tut profesoara, c\u0103 unele mame care , cer\u00e2nd socoteala pentru c\u0103 odraslele lor nu au primit nota dorit\u0103, au b\u0103tut profesoara!<\/p>\n<p style=\"text-align: justify;\">O \u00eensemnare care \u00eencearc\u0103 s\u0103 avertizeze c\u0103 problema este cu at\u00e2t mai grav\u0103 cu c\u00e2t, crede cel care scrie, fenomenul nu este de semnalat numai \u00een Giurgiu, ci \u00een toat\u0103 \u0163ara, indiferent de statistica ultimei evalu\u0103ri care situeaz\u0103 Giurgiu pe ultimul loc: <strong><em>In urma acestei clas\u0103ri se impune o intrebare adresat\u0103 autorit\u0103\u0163ilor giurgiuvene : La Giurgiu s-au n\u0103scut cei mai pro\u015fti copii din \u0163ar\u0103 s-au aici avem cei mai slabi, dezinteresa\u0163i , sp\u0103gari etc profesori din tar\u0103 ?<\/em><\/strong><\/p>\n<p style=\"text-align: justify;\">F\u0103r\u0103 preten\u0163ia de a fi diagosticat afec\u0163iunea sistemului, f\u0103r\u0103 preten\u0163ia de a fi dat solu\u0163ia salvatoare, am notat: <strong><em>S\u0103 ne apropiem copiii! Ei, copiii, sunt IZVOR de bucurie. Depinde de noi, p\u0103rin\u0163i \u00een primul r\u00e2nd, MAMA \u015fi TATA, bunici, str\u0103bunici, \u00eenv\u0103\u0163\u0103tori, profesori, autorit\u0103\u0163i, uli\u0163a, strada, dac\u0103 acest izvor are mereu ap\u0103 proasp\u0103t\u0103!!! \u00centrebarea nu trebuie s\u0103 fie CARE-S VINOVA\u0162II ci, cu r\u0103bdare, CE ESTE DE F\u0102CUT?<br \/>\nUNITATE, nu VRAJB\u0102! Via\u0163a este totdeauna, cu fiecare copil, UN \u00ceNCEPUT. \u00cen toamn\u0103 avem \u00eent\u00e2lnire-revedere-de promo\u0163ie. Am invitat doi elevi de excep\u0163ie ai Maiorescului, sper\u0103m s\u0103 r\u0103spund\u0103 invita\u0163iei! \u015fi vom discuta \u015fi acest aspect!<\/em><\/strong><\/p>\n<p style=\"text-align: justify;\">Dac\u0103 revin asupra acestui lucru, este pentru c\u0103 observ un proces diabolic de disolu\u0163ie a familiei \u015fi a\u015f vrea \u015fi alte p\u0103reri, pentru c\u0103, zicea Avram Iancu:-<strong><em>Dac\u0103 nu punem pumnul \u00een pieptul furtunii, pierim!<\/em><\/strong><\/p>\n<p style=\"text-align: justify;\"><strong><em>Prof. Gh. CALOT\u0102, Br\u0103ila<\/em><\/strong><\/p>\n<p><strong><br \/>\n<\/strong>Detalii pe site:\u00a0<a href=\"https:\/\/www.giurgiuveanul.ro\/stiri\/jale-giurgiu-ultimul-loc-pe-tara-la-evaluarea-nationala\/#ixzz5JDPlFCYF\">https:\/\/www.giurgiuveanul.ro\/stiri\/jale-giurgiu-ultimul-loc-pe-tara-la-evaluarea-nationala\/#ixzz5JDPlFCYF<\/a><\/p>\n","protected":false},"excerpt":{"rendered":"<p>Jale. Giurgiu,ultimul loc pe \u0163ar\u0103 la\u00a0 Evaluarea Nna\u0163ional\u0103. A\u015fa<\/p>\n","protected":false},"author":1,"featured_media":0,"comment_status":"open","ping_status":"open","sticky":false,"template":"","format":"standard","meta":{"footnotes":""},"categories":[21],"tags":[],"class_list":["post-53461","post","type-post","status-publish","format-standard","hentry","category-opinia-mea"],"_links":{"self":[{"href":"https:\/\/www.giurgiuveanul.ro\/stiri\/wp-json\/wp\/v2\/posts\/53461","targetHints":{"allow":["GET"]}}],"collection":[{"href":"https:\/\/www.giurgiuveanul.ro\/stiri\/wp-json\/wp\/v2\/posts"}],"about":[{"href":"https:\/\/www.giurgiuveanul.ro\/stiri\/wp-json\/wp\/v2\/types\/post"}],"author":[{"embeddable":true,"href":"https:\/\/www.giurgiuveanul.ro\/stiri\/wp-json\/wp\/v2\/users\/1"}],"replies":[{"embeddable":true,"href":"https:\/\/www.giurgiuveanul.ro\/stiri\/wp-json\/wp\/v2\/comments?post=53461"}],"version-history":[{"count":0,"href":"https:\/\/www.giurgiuveanul.ro\/stiri\/wp-json\/wp\/v2\/posts\/53461\/revisions"}],"wp:attachment":[{"href":"https:\/\/www.giurgiuveanul.ro\/stiri\/wp-json\/wp\/v2\/media?parent=53461"}],"wp:term":[{"taxonomy":"category","embeddable":true,"href":"https:\/\/www.giurgiuveanul.ro\/stiri\/wp-json\/wp\/v2\/categories?post=53461"},{"taxonomy":"post_tag","embeddable":true,"href":"https:\/\/www.giurgiuveanul.ro\/stiri\/wp-json\/wp\/v2\/tags?post=53461"}],"curies":[{"name":"wp","href":"https:\/\/api.w.org\/{rel}","templated":true}]}}