{"id":536,"date":"2012-11-12T09:18:54","date_gmt":"2012-11-12T07:18:54","guid":{"rendered":"https:\/\/www.giurgiuveanul.ro\/stiri\/?p=536"},"modified":"2012-11-12T09:18:54","modified_gmt":"2012-11-12T07:18:54","slug":"sarbatoare-la-primaria-municipiului-giurgiu-la-multi-ani-domnule-emil-gabriel-vuca","status":"publish","type":"post","link":"https:\/\/www.giurgiuveanul.ro\/stiri\/sarbatoare-la-primaria-municipiului-giurgiu-la-multi-ani-domnule-emil-gabriel-vuca\/","title":{"rendered":"S\u0103rb\u0103toare la Prim\u0103ria municipiului Giurgiu: La mul\u0163i ani, domnule Emil Gabriel Vuc\u0103!"},"content":{"rendered":"<p><strong><a href=\"https:\/\/www.giurgiuveanul.ro\/stiri\/wp-content\/uploads\/2012\/11\/Emil-Vuca1.jpg\"><img loading=\"lazy\" decoding=\"async\" class=\"aligncenter size-large wp-image-538\" title=\"Emil Vuca\" src=\"https:\/\/www.giurgiuveanul.ro\/stiri\/wp-content\/uploads\/2012\/11\/Emil-Vuca1-560x427.jpg\" alt=\"\" width=\"560\" height=\"427\" srcset=\"https:\/\/www.giurgiuveanul.ro\/stiri\/wp-content\/uploads\/2012\/11\/Emil-Vuca1-560x427.jpg 560w, https:\/\/www.giurgiuveanul.ro\/stiri\/wp-content\/uploads\/2012\/11\/Emil-Vuca1-250x190.jpg 250w, https:\/\/www.giurgiuveanul.ro\/stiri\/wp-content\/uploads\/2012\/11\/Emil-Vuca1.jpg 800w\" sizes=\"auto, (max-width: 560px) 100vw, 560px\" \/><\/a><\/strong><\/p>\n<p style=\"text-align: justify;\"><strong>Ast\u0103zi, administratorul public al municipiului Giurgiu, Emil Gabriel Vuc\u0103, \u00eempline\u015fte o frumoas\u0103 v\u00e2rst\u0103. Cu aceast\u0103 ocazie, colegii din Prim\u0103ria municipiului Giurgiu v\u0103 adreseaz\u0103 cele mai sincere felicit\u0103ri \u015fi ur\u0103ri de bine, domnule Emil Vuc\u0103.<!--more--><\/strong><\/p>\n<p style=\"text-align: justify;\">\u015ei redac\u0163ia cotidianului GIURGIUVEANUL v\u0103 dore\u015fte s\u0103n\u0103tate, r\u0103bdare \u015fi curaj, putere de munc\u0103 \u015fi reu\u015fit\u0103 deplin\u0103 \u00een toate proiectele pe care le ave\u0163i pentru locuitorii municipiului Giurgiu. S\u0103 r\u0103m\u00e2ne\u0163i la fel de activ, curajos \u015fi \u00eencrez\u0103tor \u00een tot ceea ce v-a\u0163i propus s\u0103 realiza\u0163i al\u0103turi de primarul Nicolae Barbu. La mul\u0163i ani ferici\u0163i \u015fi \u00eemplini\u0163i, domnule Emil Vuc\u0103!<\/p>\n","protected":false},"excerpt":{"rendered":"<p>Ast\u0103zi, administratorul public al municipiului Giurgiu, Emil Gabriel Vuc\u0103, \u00eempline\u015fte o frumoas\u0103 v\u00e2rst\u0103. Cu aceast\u0103 ocazie, colegii din Prim\u0103ria municipiului Giurgiu v\u0103 adreseaz\u0103 cele mai sincere felicit\u0103ri \u015fi ur\u0103ri de bine, domnule Emil Vuc\u0103.<\/p>\n","protected":false},"author":2,"featured_media":0,"comment_status":"open","ping_status":"open","sticky":false,"template":"","format":"standard","meta":{"footnotes":""},"categories":[16],"tags":[],"class_list":["post-536","post","type-post","status-publish","format-standard","hentry","category-astazi-e-ziua-ta"],"_links":{"self":[{"href":"https:\/\/www.giurgiuveanul.ro\/stiri\/wp-json\/wp\/v2\/posts\/536","targetHints":{"allow":["GET"]}}],"collection":[{"href":"https:\/\/www.giurgiuveanul.ro\/stiri\/wp-json\/wp\/v2\/posts"}],"about":[{"href":"https:\/\/www.giurgiuveanul.ro\/stiri\/wp-json\/wp\/v2\/types\/post"}],"author":[{"embeddable":true,"href":"https:\/\/www.giurgiuveanul.ro\/stiri\/wp-json\/wp\/v2\/users\/2"}],"replies":[{"embeddable":true,"href":"https:\/\/www.giurgiuveanul.ro\/stiri\/wp-json\/wp\/v2\/comments?post=536"}],"version-history":[{"count":0,"href":"https:\/\/www.giurgiuveanul.ro\/stiri\/wp-json\/wp\/v2\/posts\/536\/revisions"}],"wp:attachment":[{"href":"https:\/\/www.giurgiuveanul.ro\/stiri\/wp-json\/wp\/v2\/media?parent=536"}],"wp:term":[{"taxonomy":"category","embeddable":true,"href":"https:\/\/www.giurgiuveanul.ro\/stiri\/wp-json\/wp\/v2\/categories?post=536"},{"taxonomy":"post_tag","embeddable":true,"href":"https:\/\/www.giurgiuveanul.ro\/stiri\/wp-json\/wp\/v2\/tags?post=536"}],"curies":[{"name":"wp","href":"https:\/\/api.w.org\/{rel}","templated":true}]}}