{"id":53713,"date":"2018-07-03T19:30:54","date_gmt":"2018-07-03T16:30:54","guid":{"rendered":"https:\/\/www.giurgiuveanul.ro\/stiri\/?p=53713"},"modified":"2018-07-03T19:30:54","modified_gmt":"2018-07-03T16:30:54","slug":"teama-de-cuvinte","status":"publish","type":"post","link":"https:\/\/www.giurgiuveanul.ro\/stiri\/teama-de-cuvinte\/","title":{"rendered":"Teama de cuvinte"},"content":{"rendered":"<p style=\"text-align: justify;\"><strong><a href=\"https:\/\/www.giurgiuveanul.ro\/stiri\/wp-content\/uploads\/2018\/07\/15_1.jpg\"><img loading=\"lazy\" decoding=\"async\" class=\"aligncenter size-large wp-image-53714\" src=\"https:\/\/www.giurgiuveanul.ro\/stiri\/wp-content\/uploads\/2018\/07\/15_1-560x334.jpg\" alt=\"15_1\" width=\"560\" height=\"334\" srcset=\"https:\/\/www.giurgiuveanul.ro\/stiri\/wp-content\/uploads\/2018\/07\/15_1-560x334.jpg 560w, https:\/\/www.giurgiuveanul.ro\/stiri\/wp-content\/uploads\/2018\/07\/15_1-250x149.jpg 250w, https:\/\/www.giurgiuveanul.ro\/stiri\/wp-content\/uploads\/2018\/07\/15_1-400x239.jpg 400w, https:\/\/www.giurgiuveanul.ro\/stiri\/wp-content\/uploads\/2018\/07\/15_1.jpg 704w\" sizes=\"auto, (max-width: 560px) 100vw, 560px\" \/><\/a>C\u00e2nd Titu Maiorescu<!--more--> scria <em>Be\u0163ia de cuvinte \u00een REVISTA CONTIMPORAN\u0102<\/em>, 1873, subintitulat <em>Studiu de patologie literar\u0103,<\/em> precum un diagnostician cu practic\u0103 \u00eendelungat\u0103 \u00een profesie, evalua corect fauna nu doar politic\u0103 a vremii. Urm\u0103rind interven\u0163iile parlamentarilor,\u00a0 e drept, parlamentarismul\u00a0 rom\u00e2nesc\u00a0 era \u00een perioada june\u0163ii sale, constata c\u0103 vorbitorii de la tribuna parlamentului pot fi categorisi\u0163i \u00een trei mari categorii \u015fi scria \u00a0O<em>ratori , retori \u015fi limbu\u0163i, <\/em>1902. \u00a0<\/strong><\/p>\n<p style=\"text-align: justify;\"><strong>Unii, aprecia criticul, vorbeau c\u0103 aveau ceva de spus, \u015fi ace\u015ftia erau pu\u0163ini. Unii vorbeau s\u0103 se aud\u0103 vorbind. \u015ei ace\u015ftia erau, relativ, pu\u0163ini. Al\u0163ii, \u015fi ace\u015ftia erau foarte mul\u0163i, vorbeau s\u0103 se afle \u00een treab\u0103!<\/strong><\/p>\n<p style=\"text-align: justify;\"><strong>Titu Maiorescu, rafinat om de cultur\u0103 \u015fi cu un acut sim\u0163 al limbii, \u00a0e<\/strong><strong>valua m\u0103sura \u00een care s-a dezvoltat limba rom\u00e2n\u0103 \u00een epoca sa.<\/strong><\/p>\n<p style=\"text-align: justify;\"><strong>F\u0103r\u0103 s\u0103 \u015ftim la ce categorii noi de vorbitori de limb\u0103 rom\u00e2n\u0103 s-ar fi g\u00e2ndit marele critic, credem c\u0103 , de ar fi avut \u00een vedere pe unii dintre parlamentarii de azi, n-ar fi neglijat <em>gargaragiii, palavragiii ,agrama\u0163ii<\/em> \u015fi <em>mut\u0103l\u0103ii.<\/em> Primele dou\u0103 categorii,\u00a0 sear\u0103 de sear\u0103, \u00ee\u015fi trimit la televiziunile partenere vocile de serviciu care nu se las\u0103 niciodat\u0103 intimidate de eventuale p\u0103reri contrare celor cu care ele au fost mandatate. \u015eansele de a se ajunge la un consens nu exist\u0103! <em>Agrama\u0163ii,<\/em> dac\u0103 anumite interese obscure nu dicteaz\u0103 altfel, sunt evita\u0163i! Ace\u015ftia , din nefericire mul\u0163i la num\u0103r, prin vot, realizeaz\u0103 majorit\u0103\u0163i docile care clameaz\u0103 democra\u0163ia!<\/strong><\/p>\n<p style=\"text-align: justify;\"><strong><em>Mut\u0103l\u0103ii<\/em><\/strong><strong> sunt greu de etichetat, Ei nu vorbesc prea mult, totdeauna , must\u0103cind\u00a0 aluziv, sunt pentru-contra. \u00ce\u015fi schimb\u0103 orientarea dup\u0103 cum se uit\u0103 la r\u0103s\u0103ritul sau la apusul soarelui! Au o mare calitate: niciodat\u0103 nu stau cu fa\u0163a \u00een v\u00e2nt! La ei, schimbarea de op\u0163iune nu este o chestiune de etic\u0103 politic\u0103, ci de strategie \u00een urm\u0103rirea unui interes!<\/strong><\/p>\n<p style=\"text-align: justify;\"><strong>Aceste categorii de vorbitori, \u015fi poate mai sunt \u015fi altele, folosesc cu at\u00e2ta\u00a0 lejeritate, iresponsabil\u0103 uneori, cuvinte precum <em>diversiune, stat paralel, stat mafiot , antisemitism institu\u0163ional, agresiune, fascistoid, comunistoid,tr\u0103dare,<\/em> uneori <em>tr\u0103dare na\u0163ional\u0103, <\/em>inventeaz\u0103 sintagme\u00a0 care au servit drept zestre unora care au realizat antologii \u00eentregi de construc\u0163ii nefire\u015fti, aberante, anacoluturi absurde, deraieri lexicale \u015fi de construc\u0163ie, toate generatoare de comic de limbaj! <\/strong><\/p>\n<p style=\"text-align: justify;\"><strong>\u00cenc\u0103rcate de comic \u00een esen\u0163a lor, aceste cuvinte\/construc\u0163ii violenteaz\u0103 at\u00e2t de mult pe ascult\u0103tor\u00a0 prin ton, ineditul contextual, \u00eenc\u00e2t\u00a0 te \u00eencearc\u0103 o inexplicabil\u0103 team\u0103 de cuv\u00e2nt!<\/strong><\/p>\n<p style=\"text-align: justify;\"><strong>Era la noi o vorb\u0103:-<em>Spune-mi cum vorbe\u015fti, ca s\u0103-\u0163i spun cine e\u015fti!<\/em><\/strong><\/p>\n<p style=\"text-align: justify;\"><strong>Se pare c\u0103 \u00een\u0163elesul acestei ziceri trebuie nuan\u0163at!<\/strong><\/p>\n<p style=\"text-align: justify;\"><strong>Cine s\u0103 o fac\u0103? Unul care nu se teme de cuv\u00e2nt!<\/strong><\/p>\n<p style=\"text-align: justify;\"><strong>Gh.C.<\/strong><\/p>\n<p style=\"text-align: justify;\"><strong>\u00cen 1881, \u00een Scrisoarea III, Eminescu spunea: <\/strong><\/p>\n<p style=\"text-align: justify;\">V\u0103 mira\u0163i cum de minciuna ast\u0103zi nu vi se mai trece?<br \/>\nC\u00e2nd vedem c\u0103 to\u0163i aceia care vorbe mari arunc\u0103<br \/>\nNumai banul \u00eel v\u00e2neaz\u0103 \u015fi c\u00e2\u015ftigul f\u0103r\u0103 munc\u0103,<br \/>\nAzi, c\u00e2nd fraza lustruit\u0103 nu ne poate \u00een\u015fela,<br \/>\nAst\u0103zi al\u0163ii sunt de vin\u0103, domnii mei, nu este-a\u015fa?<br \/>\nPrea v-a\u0163i at\u0103tat arama sf\u00e2\u015fiind aceast\u0103 \u0163ar\u0103,<br \/>\nPrea f\u0103cur\u0103\u0163i neamul nostru de ru\u015fine \u015fi ocar\u0103,<br \/>\nPrea v-a\u0163i b\u0103tut joc de limb\u0103, de str\u0103buni \u015fi obicei,<br \/>\nCa s\u0103 nu s-arate-odat\u0103 ce sunte\u0163i &#8211; ni\u015fte mi\u015fei!<br \/>\nDa, c\u00e2\u015ftigul f\u0103r\u0103 munc\u0103, iat\u0103 singura pornire;<\/p>\n<p style=\"text-align: justify;\"><strong>Citat f\u0103r\u0103 comentarii.<\/strong><\/p>\n","protected":false},"excerpt":{"rendered":"<p>C\u00e2nd Titu Maiorescu<\/p>\n","protected":false},"author":1,"featured_media":0,"comment_status":"open","ping_status":"open","sticky":false,"template":"","format":"standard","meta":{"footnotes":""},"categories":[21],"tags":[],"class_list":["post-53713","post","type-post","status-publish","format-standard","hentry","category-opinia-mea"],"_links":{"self":[{"href":"https:\/\/www.giurgiuveanul.ro\/stiri\/wp-json\/wp\/v2\/posts\/53713","targetHints":{"allow":["GET"]}}],"collection":[{"href":"https:\/\/www.giurgiuveanul.ro\/stiri\/wp-json\/wp\/v2\/posts"}],"about":[{"href":"https:\/\/www.giurgiuveanul.ro\/stiri\/wp-json\/wp\/v2\/types\/post"}],"author":[{"embeddable":true,"href":"https:\/\/www.giurgiuveanul.ro\/stiri\/wp-json\/wp\/v2\/users\/1"}],"replies":[{"embeddable":true,"href":"https:\/\/www.giurgiuveanul.ro\/stiri\/wp-json\/wp\/v2\/comments?post=53713"}],"version-history":[{"count":0,"href":"https:\/\/www.giurgiuveanul.ro\/stiri\/wp-json\/wp\/v2\/posts\/53713\/revisions"}],"wp:attachment":[{"href":"https:\/\/www.giurgiuveanul.ro\/stiri\/wp-json\/wp\/v2\/media?parent=53713"}],"wp:term":[{"taxonomy":"category","embeddable":true,"href":"https:\/\/www.giurgiuveanul.ro\/stiri\/wp-json\/wp\/v2\/categories?post=53713"},{"taxonomy":"post_tag","embeddable":true,"href":"https:\/\/www.giurgiuveanul.ro\/stiri\/wp-json\/wp\/v2\/tags?post=53713"}],"curies":[{"name":"wp","href":"https:\/\/api.w.org\/{rel}","templated":true}]}}