{"id":53875,"date":"2018-07-09T19:45:51","date_gmt":"2018-07-09T16:45:51","guid":{"rendered":"https:\/\/www.giurgiuveanul.ro\/stiri\/?p=53875"},"modified":"2018-07-09T19:47:43","modified_gmt":"2018-07-09T16:47:43","slug":"consiliul-judetean-giurgiu-intrunit-in-sedinta-extraordinara-de-lucru","status":"publish","type":"post","link":"https:\/\/www.giurgiuveanul.ro\/stiri\/consiliul-judetean-giurgiu-intrunit-in-sedinta-extraordinara-de-lucru\/","title":{"rendered":"Consiliul Jude\u0163ean Giurgiu, \u00eentrunit \u00een \u015fedin\u0163\u0103 extraordinar\u0103 de lucru"},"content":{"rendered":"<p style=\"text-align: justify;\"><strong><a href=\"https:\/\/www.giurgiuveanul.ro\/stiri\/wp-content\/uploads\/2018\/07\/IMG_0895.jpg\"><img loading=\"lazy\" decoding=\"async\" class=\"aligncenter size-large wp-image-53876\" src=\"https:\/\/www.giurgiuveanul.ro\/stiri\/wp-content\/uploads\/2018\/07\/IMG_0895-560x284.jpg\" alt=\"IMG_0895\" width=\"560\" height=\"284\" srcset=\"https:\/\/www.giurgiuveanul.ro\/stiri\/wp-content\/uploads\/2018\/07\/IMG_0895-560x284.jpg 560w, https:\/\/www.giurgiuveanul.ro\/stiri\/wp-content\/uploads\/2018\/07\/IMG_0895-250x127.jpg 250w, https:\/\/www.giurgiuveanul.ro\/stiri\/wp-content\/uploads\/2018\/07\/IMG_0895-400x203.jpg 400w, https:\/\/www.giurgiuveanul.ro\/stiri\/wp-content\/uploads\/2018\/07\/IMG_0895.jpg 800w\" sizes=\"auto, (max-width: 560px) 100vw, 560px\" \/><\/a>Ast\u0103zi, consilierii jude\u0163eni giurgiuveni<!--more--> s-au \u00eentrunit \u00een \u015fedin\u0163\u0103 extraordinar\u0103 de lucru. Toate proiectele aflate pe ordinea de zi au fost adoptate.<\/strong><\/p>\n<p style=\"text-align: justify;\">Consilierii jude\u0163eni giurgiuveni au dezb\u0103tut \u015fi votat 15 proiecte de hot\u0103r\u00e2re aflate pe ordinea de zi a \u015fedin\u0163ei extraordinare, convocat\u0103 ast\u0103zi.<\/p>\n<p style=\"text-align: justify;\">\u015eedin\u0163a a fost condus\u0103 de liderul acestui for, pre\u015fedintele <strong>Marian Mina<\/strong>.<\/p>\n<p style=\"text-align: justify;\"><a href=\"https:\/\/www.giurgiuveanul.ro\/stiri\/wp-content\/uploads\/2018\/07\/IMG_0918.jpg\"><img loading=\"lazy\" decoding=\"async\" class=\"aligncenter size-large wp-image-53877\" src=\"https:\/\/www.giurgiuveanul.ro\/stiri\/wp-content\/uploads\/2018\/07\/IMG_0918-421x450.jpg\" alt=\"IMG_0918\" width=\"421\" height=\"450\" srcset=\"https:\/\/www.giurgiuveanul.ro\/stiri\/wp-content\/uploads\/2018\/07\/IMG_0918-421x450.jpg 421w, https:\/\/www.giurgiuveanul.ro\/stiri\/wp-content\/uploads\/2018\/07\/IMG_0918-250x267.jpg 250w, https:\/\/www.giurgiuveanul.ro\/stiri\/wp-content\/uploads\/2018\/07\/IMG_0918-400x427.jpg 400w, https:\/\/www.giurgiuveanul.ro\/stiri\/wp-content\/uploads\/2018\/07\/IMG_0918.jpg 749w\" sizes=\"auto, (max-width: 421px) 100vw, 421px\" \/><\/a><\/p>\n<p style=\"text-align: justify;\"><em>\u201cSunt proiecte foarte importante ce vizeaz\u0103 modernizarea unor drumuri jude\u0163ene, a Spitalului Jude\u0163ean de Urgen\u0163\u0103 Giurgiu, \u015fi, \u00een acela\u015fi timp, sunt propuse modific\u0103ri \u00een structurile institu\u0163iilor subordonate. Toate proiectele de hot\u0103r\u00e2re aflate pe ordinea de zi a \u015fedin\u0163ei extraordinare de ast\u0103zi a Consiliului Jude\u0163ean Giurgiu au fost aprobate. Le mul\u0163umesc consilierilor jude\u0163eni pentru votul lor, dar \u015fi echipei mele din CJ Giurgiu pentru munca depus\u0103\u201d<\/em>, a declarat, la final, <strong>Marian Mina<\/strong>, pre\u015fedintele Consiliului Jude\u0163ean Giurgiu.<\/p>\n","protected":false},"excerpt":{"rendered":"<p>Ast\u0103zi, consilierii jude\u0163eni giurgiuveni<\/p>\n","protected":false},"author":1,"featured_media":0,"comment_status":"open","ping_status":"open","sticky":false,"template":"","format":"standard","meta":{"footnotes":""},"categories":[6],"tags":[],"class_list":["post-53875","post","type-post","status-publish","format-standard","hentry","category-breaking-news"],"_links":{"self":[{"href":"https:\/\/www.giurgiuveanul.ro\/stiri\/wp-json\/wp\/v2\/posts\/53875","targetHints":{"allow":["GET"]}}],"collection":[{"href":"https:\/\/www.giurgiuveanul.ro\/stiri\/wp-json\/wp\/v2\/posts"}],"about":[{"href":"https:\/\/www.giurgiuveanul.ro\/stiri\/wp-json\/wp\/v2\/types\/post"}],"author":[{"embeddable":true,"href":"https:\/\/www.giurgiuveanul.ro\/stiri\/wp-json\/wp\/v2\/users\/1"}],"replies":[{"embeddable":true,"href":"https:\/\/www.giurgiuveanul.ro\/stiri\/wp-json\/wp\/v2\/comments?post=53875"}],"version-history":[{"count":0,"href":"https:\/\/www.giurgiuveanul.ro\/stiri\/wp-json\/wp\/v2\/posts\/53875\/revisions"}],"wp:attachment":[{"href":"https:\/\/www.giurgiuveanul.ro\/stiri\/wp-json\/wp\/v2\/media?parent=53875"}],"wp:term":[{"taxonomy":"category","embeddable":true,"href":"https:\/\/www.giurgiuveanul.ro\/stiri\/wp-json\/wp\/v2\/categories?post=53875"},{"taxonomy":"post_tag","embeddable":true,"href":"https:\/\/www.giurgiuveanul.ro\/stiri\/wp-json\/wp\/v2\/tags?post=53875"}],"curies":[{"name":"wp","href":"https:\/\/api.w.org\/{rel}","templated":true}]}}