{"id":53879,"date":"2018-07-09T19:58:17","date_gmt":"2018-07-09T16:58:17","guid":{"rendered":"https:\/\/www.giurgiuveanul.ro\/stiri\/?p=53879"},"modified":"2018-07-09T19:58:17","modified_gmt":"2018-07-09T16:58:17","slug":"victima-accidentului-rutier-de-pe-dn-5-murit","status":"publish","type":"post","link":"https:\/\/www.giurgiuveanul.ro\/stiri\/victima-accidentului-rutier-de-pe-dn-5-murit\/","title":{"rendered":"Victima accidentului rutier de pe DN 5&#8230; a murit"},"content":{"rendered":"<p style=\"text-align: justify;\"><strong><a href=\"https:\/\/www.giurgiuveanul.ro\/stiri\/wp-content\/uploads\/2018\/07\/lonciu-davidescu-baschet.jpg\"><img loading=\"lazy\" decoding=\"async\" class=\"aligncenter size-large wp-image-53880\" src=\"https:\/\/www.giurgiuveanul.ro\/stiri\/wp-content\/uploads\/2018\/07\/lonciu-davidescu-baschet-560x324.jpg\" alt=\"lonciu-davidescu-baschet\" width=\"560\" height=\"324\" srcset=\"https:\/\/www.giurgiuveanul.ro\/stiri\/wp-content\/uploads\/2018\/07\/lonciu-davidescu-baschet-560x324.jpg 560w, https:\/\/www.giurgiuveanul.ro\/stiri\/wp-content\/uploads\/2018\/07\/lonciu-davidescu-baschet-250x145.jpg 250w, https:\/\/www.giurgiuveanul.ro\/stiri\/wp-content\/uploads\/2018\/07\/lonciu-davidescu-baschet-400x232.jpg 400w, https:\/\/www.giurgiuveanul.ro\/stiri\/wp-content\/uploads\/2018\/07\/lonciu-davidescu-baschet.jpg 630w\" sizes=\"auto, (max-width: 560px) 100vw, 560px\" \/><\/a>B\u0103rbatul, de<!--more--> 47 de ani, r\u0103nit grav \u00een accidentul rutier produs s\u00e2mb\u0103t\u0103 diminea\u021b\u0103, pe DN5, la Aduna\u021bii Cop\u0103ceni, a decedat, ast\u0103zi, la Spitalul Floreasca, din Capital\u0103.<\/strong><\/p>\n<p style=\"text-align: justify;\">Acesta lucra la Ocolul Silvic Giurgiu \u0219i avea un b\u0103iat. Giurgiuveanul a murit din cauza r\u0103nilor suferite \u00een urma accidentului, asta dup\u0103 ce materialele de construc\u021bii aflate \u00een partea din spate a autoutilitarei l-au strivit.<\/p>\n<p style=\"text-align: justify;\">Accidentul a avut loc s\u00e2mb\u0103t\u0103, \u00een jurul orei 8.30, pe DN5, \u00een dreptul benzin\u0103riei Tache \u0219i Iordache, la ie\u0219irea din Aduna\u021bii Cop\u0103ceni, pe sensul de mers Bucure\u0219ti- Giurgiu.<\/p>\n<p style=\"text-align: justify;\">Potrivit IPJ Giurgiu, un b\u0103rbat de 47 ani, din municipiul Giurgiu, \u00een timp ce conducea o autoutilitar\u0103 pe Drumul Na\u021bional 5, \u00een afara localit\u0103\u021bii Aduna\u021bii Cop\u0103ceni, din cauza neadapt\u0103rii vitezei \u00eentr-o curb\u0103 la dreapta, a p\u0103r\u0103sit partea carosabil\u0103 \u0219i a intrat \u00een \u0219an\u021bul desp\u0103r\u021bitor al celor dou\u0103 benzi de circula\u021bie, lovindu-se de un cap de pod.<\/p>\n","protected":false},"excerpt":{"rendered":"<p>B\u0103rbatul, de<\/p>\n","protected":false},"author":1,"featured_media":0,"comment_status":"open","ping_status":"open","sticky":false,"template":"","format":"standard","meta":{"footnotes":""},"categories":[18],"tags":[],"class_list":["post-53879","post","type-post","status-publish","format-standard","hentry","category-tragedie"],"_links":{"self":[{"href":"https:\/\/www.giurgiuveanul.ro\/stiri\/wp-json\/wp\/v2\/posts\/53879","targetHints":{"allow":["GET"]}}],"collection":[{"href":"https:\/\/www.giurgiuveanul.ro\/stiri\/wp-json\/wp\/v2\/posts"}],"about":[{"href":"https:\/\/www.giurgiuveanul.ro\/stiri\/wp-json\/wp\/v2\/types\/post"}],"author":[{"embeddable":true,"href":"https:\/\/www.giurgiuveanul.ro\/stiri\/wp-json\/wp\/v2\/users\/1"}],"replies":[{"embeddable":true,"href":"https:\/\/www.giurgiuveanul.ro\/stiri\/wp-json\/wp\/v2\/comments?post=53879"}],"version-history":[{"count":0,"href":"https:\/\/www.giurgiuveanul.ro\/stiri\/wp-json\/wp\/v2\/posts\/53879\/revisions"}],"wp:attachment":[{"href":"https:\/\/www.giurgiuveanul.ro\/stiri\/wp-json\/wp\/v2\/media?parent=53879"}],"wp:term":[{"taxonomy":"category","embeddable":true,"href":"https:\/\/www.giurgiuveanul.ro\/stiri\/wp-json\/wp\/v2\/categories?post=53879"},{"taxonomy":"post_tag","embeddable":true,"href":"https:\/\/www.giurgiuveanul.ro\/stiri\/wp-json\/wp\/v2\/tags?post=53879"}],"curies":[{"name":"wp","href":"https:\/\/api.w.org\/{rel}","templated":true}]}}