{"id":53896,"date":"2018-07-10T10:02:03","date_gmt":"2018-07-10T07:02:03","guid":{"rendered":"https:\/\/www.giurgiuveanul.ro\/stiri\/?p=53896"},"modified":"2018-07-10T10:07:00","modified_gmt":"2018-07-10T07:07:00","slug":"accident-rutier-soldat-cu-doua-victime-6","status":"publish","type":"post","link":"https:\/\/www.giurgiuveanul.ro\/stiri\/accident-rutier-soldat-cu-doua-victime-6\/","title":{"rendered":"ACCIDENT RUTIER, soldat cu dou\u0103 victime!"},"content":{"rendered":"<p style=\"text-align: justify;\"><strong><a href=\"https:\/\/www.giurgiuveanul.ro\/stiri\/wp-content\/uploads\/2018\/07\/IMG_7121.jpg\"><img loading=\"lazy\" decoding=\"async\" class=\"aligncenter size-large wp-image-53897\" src=\"https:\/\/www.giurgiuveanul.ro\/stiri\/wp-content\/uploads\/2018\/07\/IMG_7121-550x450.jpg\" alt=\"IMG_7121\" width=\"550\" height=\"450\" srcset=\"https:\/\/www.giurgiuveanul.ro\/stiri\/wp-content\/uploads\/2018\/07\/IMG_7121-550x450.jpg 550w, https:\/\/www.giurgiuveanul.ro\/stiri\/wp-content\/uploads\/2018\/07\/IMG_7121-250x205.jpg 250w, https:\/\/www.giurgiuveanul.ro\/stiri\/wp-content\/uploads\/2018\/07\/IMG_7121-400x328.jpg 400w, https:\/\/www.giurgiuveanul.ro\/stiri\/wp-content\/uploads\/2018\/07\/IMG_7121.jpg 800w\" sizes=\"auto, (max-width: 550px) 100vw, 550px\" \/><\/a>Un\u00a0accident\u00a0rutier, soldat cu<!--more--> r\u0103nirea a dou\u0103 persoane, a avut loc, asear\u0103, \u00een jurul orei 19.00, pe\u00a0DJ 401, \u00een afara localit\u0103\u021bii M\u00e2r\u0219a.<\/strong><\/p>\n<p style=\"text-align: justify;\">Astfel, conform IPJ Giurgiu<a href=\"http:\/\/www.stiridecluj.ro\/tag-ipj%20cluj\">,<\/a>\u00a0un b\u0103rbat, de 30 de ani, din Bleje\u0219ti, jude\u021bul Teleorman, \u00een timp ce conducea un autoturism pe\u00a0DJ 401, \u00een direc\u021bia Videle, \u00een fara localit\u0103\u021bii M\u00e2r\u0219a, pe fondul neadapt\u0103rii vitezei la carosabilul umed, a pierdut controlul asupra direc\u0163iei de deplasare \u015fi a ie\u0219it \u00een afara p\u0103r\u021bii carosabile, r\u0103sturn\u00e2ndu-se cu ma\u0219ina \u00een \u0219an\u021b.<\/p>\n<p style=\"text-align: justify;\">Accidentul s-a soldat cu r\u0103nirea \u0219oferului \u0219i a unui pasager din ma\u0219in\u0103, care au fost transporta\u021bi la spital. \u0218oferul a fost testat cu alcooltestul, rezultatul fiind negativ.<\/p>\n<p style=\"text-align: justify;\">Pe numele s\u0103u, poli\u021bi\u0219tii au deschis un dosar penal pentru v\u0103t\u0103mare corporal\u0103 din culp\u0103.<\/p>\n","protected":false},"excerpt":{"rendered":"<p>Un\u00a0accident\u00a0rutier, soldat cu<\/p>\n","protected":false},"author":1,"featured_media":0,"comment_status":"open","ping_status":"open","sticky":false,"template":"","format":"standard","meta":{"footnotes":""},"categories":[6],"tags":[],"class_list":["post-53896","post","type-post","status-publish","format-standard","hentry","category-breaking-news"],"_links":{"self":[{"href":"https:\/\/www.giurgiuveanul.ro\/stiri\/wp-json\/wp\/v2\/posts\/53896","targetHints":{"allow":["GET"]}}],"collection":[{"href":"https:\/\/www.giurgiuveanul.ro\/stiri\/wp-json\/wp\/v2\/posts"}],"about":[{"href":"https:\/\/www.giurgiuveanul.ro\/stiri\/wp-json\/wp\/v2\/types\/post"}],"author":[{"embeddable":true,"href":"https:\/\/www.giurgiuveanul.ro\/stiri\/wp-json\/wp\/v2\/users\/1"}],"replies":[{"embeddable":true,"href":"https:\/\/www.giurgiuveanul.ro\/stiri\/wp-json\/wp\/v2\/comments?post=53896"}],"version-history":[{"count":0,"href":"https:\/\/www.giurgiuveanul.ro\/stiri\/wp-json\/wp\/v2\/posts\/53896\/revisions"}],"wp:attachment":[{"href":"https:\/\/www.giurgiuveanul.ro\/stiri\/wp-json\/wp\/v2\/media?parent=53896"}],"wp:term":[{"taxonomy":"category","embeddable":true,"href":"https:\/\/www.giurgiuveanul.ro\/stiri\/wp-json\/wp\/v2\/categories?post=53896"},{"taxonomy":"post_tag","embeddable":true,"href":"https:\/\/www.giurgiuveanul.ro\/stiri\/wp-json\/wp\/v2\/tags?post=53896"}],"curies":[{"name":"wp","href":"https:\/\/api.w.org\/{rel}","templated":true}]}}