{"id":53911,"date":"2018-07-10T18:57:30","date_gmt":"2018-07-10T15:57:30","guid":{"rendered":"https:\/\/www.giurgiuveanul.ro\/stiri\/?p=53911"},"modified":"2018-07-10T19:13:03","modified_gmt":"2018-07-10T16:13:03","slug":"fost-furat-copil-in-parcul-elevilor","status":"publish","type":"post","link":"https:\/\/www.giurgiuveanul.ro\/stiri\/fost-furat-copil-in-parcul-elevilor\/","title":{"rendered":"A fost \u201efurat\u201d un copil \u00een Parcul Elevilor?"},"content":{"rendered":"<p style=\"text-align: justify;\"><strong><a href=\"https:\/\/www.giurgiuveanul.ro\/stiri\/wp-content\/uploads\/2018\/07\/foto_96345.jpg\"><img loading=\"lazy\" decoding=\"async\" class=\"aligncenter size-large wp-image-53912\" src=\"https:\/\/www.giurgiuveanul.ro\/stiri\/wp-content\/uploads\/2018\/07\/foto_96345-560x359.jpg\" alt=\"foto_96345\" width=\"560\" height=\"359\" srcset=\"https:\/\/www.giurgiuveanul.ro\/stiri\/wp-content\/uploads\/2018\/07\/foto_96345-560x359.jpg 560w, https:\/\/www.giurgiuveanul.ro\/stiri\/wp-content\/uploads\/2018\/07\/foto_96345-250x160.jpg 250w, https:\/\/www.giurgiuveanul.ro\/stiri\/wp-content\/uploads\/2018\/07\/foto_96345-400x257.jpg 400w, https:\/\/www.giurgiuveanul.ro\/stiri\/wp-content\/uploads\/2018\/07\/foto_96345.jpg 700w\" sizes=\"auto, (max-width: 560px) 100vw, 560px\" \/><\/a>Zvonul c\u0103<!--more--> un copil ar fi fost \u201efurat\u201d sau \u00a0\u201er\u0103pit\u201d \u00een Parcul Elevilor, din Giurgiu, situat \u00een zona de la Policlinic\u0103, a f\u0103cut, \u00een ultimele ore,\u00a0 \u00eenconjurul ora\u015fului.<\/strong><\/p>\n<p style=\"text-align: justify;\">Telefoanele redac\u0163iei \u015fi ale reporterilor no\u015ftri au fost asaltate de numero\u015fi p\u0103rin\u0163i giurgiuveni. Isteria despre cazul acesta a cuprins tot mai mul\u0163i p\u0103rin\u0163i.<\/p>\n<p style=\"text-align: justify;\">Din fericirie, la solicitarea cotidianului Giurgiuveanul\u201d, Poli\u0163ia a dezmin\u0163it acest zvon.<\/p>\n<p style=\"text-align: justify;\">De la ce a pornit totul?<\/p>\n<p style=\"text-align: justify;\">Asear\u0103, un copil s-a r\u0103t\u0103cit de p\u0103rin\u0163i \u015fi ace\u015ftia au alertat autorit\u0103\u0163ile.<\/p>\n<p style=\"text-align: justify;\">Mai multe echipaje de jandarmi \u015fi poli\u0163i\u015fti au \u00eemp\u00e2nzit Parcul Elevilor \u015fi s-a \u00eenceput opera\u0163iunea de c\u0103utare a copilului.<\/p>\n<p style=\"text-align: justify;\">Ulterior, copilul a fost g\u0103sit de p\u0103rin\u0163i.<\/p>\n<p style=\"text-align: justify;\"><strong>A\u015fadar, merge\u0163i \u00een Parcul Elevilor \u015fi \u00een celelalte parcuri din Giurgiu, aceast\u0103 panic\u0103 este nejustificat\u0103 \u015fi Poli\u0163ia ne asigur\u0103 c\u0103 nu exist\u0103 nici m\u0103car un singur astfel de caz \u00eenregistrat.<\/strong><\/p>\n<p>&nbsp;<\/p>\n","protected":false},"excerpt":{"rendered":"<p>Zvonul c\u0103<\/p>\n","protected":false},"author":1,"featured_media":0,"comment_status":"open","ping_status":"open","sticky":false,"template":"","format":"standard","meta":{"footnotes":""},"categories":[6],"tags":[],"class_list":["post-53911","post","type-post","status-publish","format-standard","hentry","category-breaking-news"],"_links":{"self":[{"href":"https:\/\/www.giurgiuveanul.ro\/stiri\/wp-json\/wp\/v2\/posts\/53911","targetHints":{"allow":["GET"]}}],"collection":[{"href":"https:\/\/www.giurgiuveanul.ro\/stiri\/wp-json\/wp\/v2\/posts"}],"about":[{"href":"https:\/\/www.giurgiuveanul.ro\/stiri\/wp-json\/wp\/v2\/types\/post"}],"author":[{"embeddable":true,"href":"https:\/\/www.giurgiuveanul.ro\/stiri\/wp-json\/wp\/v2\/users\/1"}],"replies":[{"embeddable":true,"href":"https:\/\/www.giurgiuveanul.ro\/stiri\/wp-json\/wp\/v2\/comments?post=53911"}],"version-history":[{"count":0,"href":"https:\/\/www.giurgiuveanul.ro\/stiri\/wp-json\/wp\/v2\/posts\/53911\/revisions"}],"wp:attachment":[{"href":"https:\/\/www.giurgiuveanul.ro\/stiri\/wp-json\/wp\/v2\/media?parent=53911"}],"wp:term":[{"taxonomy":"category","embeddable":true,"href":"https:\/\/www.giurgiuveanul.ro\/stiri\/wp-json\/wp\/v2\/categories?post=53911"},{"taxonomy":"post_tag","embeddable":true,"href":"https:\/\/www.giurgiuveanul.ro\/stiri\/wp-json\/wp\/v2\/tags?post=53911"}],"curies":[{"name":"wp","href":"https:\/\/api.w.org\/{rel}","templated":true}]}}