{"id":53916,"date":"2018-07-11T08:31:04","date_gmt":"2018-07-11T05:31:04","guid":{"rendered":"https:\/\/www.giurgiuveanul.ro\/stiri\/?p=53916"},"modified":"2018-07-11T08:31:04","modified_gmt":"2018-07-11T05:31:04","slug":"urmarit-international-depistat-de-politistii-giurgiuveni","status":"publish","type":"post","link":"https:\/\/www.giurgiuveanul.ro\/stiri\/urmarit-international-depistat-de-politistii-giurgiuveni\/","title":{"rendered":"URM\u0102RIT INTERNA\u021aIONAL, DEPISTAT DE POLI\u021aI\u0218TII GIURGIUVENI!"},"content":{"rendered":"<p style=\"text-align: justify;\"><a href=\"https:\/\/www.giurgiuveanul.ro\/stiri\/wp-content\/uploads\/2018\/07\/36896900_854321104767923_2114880727349723136_n.jpg\"><img loading=\"lazy\" decoding=\"async\" class=\"aligncenter size-large wp-image-53918\" src=\"https:\/\/www.giurgiuveanul.ro\/stiri\/wp-content\/uploads\/2018\/07\/36896900_854321104767923_2114880727349723136_n-560x322.jpg\" alt=\"36896900_854321104767923_2114880727349723136_n\" width=\"560\" height=\"322\" srcset=\"https:\/\/www.giurgiuveanul.ro\/stiri\/wp-content\/uploads\/2018\/07\/36896900_854321104767923_2114880727349723136_n-560x322.jpg 560w, https:\/\/www.giurgiuveanul.ro\/stiri\/wp-content\/uploads\/2018\/07\/36896900_854321104767923_2114880727349723136_n-250x144.jpg 250w, https:\/\/www.giurgiuveanul.ro\/stiri\/wp-content\/uploads\/2018\/07\/36896900_854321104767923_2114880727349723136_n-400x230.jpg 400w, https:\/\/www.giurgiuveanul.ro\/stiri\/wp-content\/uploads\/2018\/07\/36896900_854321104767923_2114880727349723136_n.jpg 660w\" sizes=\"auto, (max-width: 560px) 100vw, 560px\" \/><\/a>Un cet\u0103\u021bean<!--more--> spaniol, urm\u0103rit interna\u021bional pentru s\u0103v\u00e2r\u0219irea infrac\u021biunii de viol, a fost depistat de poli\u021bi\u0219tii giurgiuveni.<\/p>\n<p style=\"text-align: justify;\">Luni, 9 iulie a.c., \u00een urma activit\u0103\u021bilor de cooperare poli\u021bieneasc\u0103 interna\u021bional\u0103, poli\u021bi\u0219tii giurgiuveni au depistat pe raza comunei Comana, jude\u021bul Giurgiu, un b\u0103rbat de 37 de ani, domiciliat \u00een Madrid, Spania, urm\u0103rit interna\u021bional, pe numele c\u0103ruia, autorit\u0103\u021bile judiciare spaniole au emis mandat de arestare, pentru s\u0103v\u00e2r\u0219irea infrac\u021biunii de viol.<\/p>\n<p style=\"text-align: justify;\">B\u0103rbatul a fost prezentat Parchetului de pe l\u00e2ng\u0103 Curtea de Apel Bucure\u0219ti, fa\u021b\u0103 de acesta, fiind dispus\u0103 m\u0103sura re\u021binerii pentru 24 de ore, urm\u00e2nd ca mar\u021bi, 10 iulie a.c., s\u0103 fie prezentat judec\u0103torului de drepturi \u0219i libert\u0103\u021bi din cadrul Cur\u021bii de Apel Bucure\u0219ti, \u00een vederea audierii \u0219i dispunerii asupra extr\u0103d\u0103rii.<\/p>\n","protected":false},"excerpt":{"rendered":"<p>Un cet\u0103\u021bean<\/p>\n","protected":false},"author":1,"featured_media":0,"comment_status":"open","ping_status":"open","sticky":false,"template":"","format":"standard","meta":{"footnotes":""},"categories":[6],"tags":[],"class_list":["post-53916","post","type-post","status-publish","format-standard","hentry","category-breaking-news"],"_links":{"self":[{"href":"https:\/\/www.giurgiuveanul.ro\/stiri\/wp-json\/wp\/v2\/posts\/53916","targetHints":{"allow":["GET"]}}],"collection":[{"href":"https:\/\/www.giurgiuveanul.ro\/stiri\/wp-json\/wp\/v2\/posts"}],"about":[{"href":"https:\/\/www.giurgiuveanul.ro\/stiri\/wp-json\/wp\/v2\/types\/post"}],"author":[{"embeddable":true,"href":"https:\/\/www.giurgiuveanul.ro\/stiri\/wp-json\/wp\/v2\/users\/1"}],"replies":[{"embeddable":true,"href":"https:\/\/www.giurgiuveanul.ro\/stiri\/wp-json\/wp\/v2\/comments?post=53916"}],"version-history":[{"count":0,"href":"https:\/\/www.giurgiuveanul.ro\/stiri\/wp-json\/wp\/v2\/posts\/53916\/revisions"}],"wp:attachment":[{"href":"https:\/\/www.giurgiuveanul.ro\/stiri\/wp-json\/wp\/v2\/media?parent=53916"}],"wp:term":[{"taxonomy":"category","embeddable":true,"href":"https:\/\/www.giurgiuveanul.ro\/stiri\/wp-json\/wp\/v2\/categories?post=53916"},{"taxonomy":"post_tag","embeddable":true,"href":"https:\/\/www.giurgiuveanul.ro\/stiri\/wp-json\/wp\/v2\/tags?post=53916"}],"curies":[{"name":"wp","href":"https:\/\/api.w.org\/{rel}","templated":true}]}}