{"id":53920,"date":"2018-07-11T08:48:40","date_gmt":"2018-07-11T05:48:40","guid":{"rendered":"https:\/\/www.giurgiuveanul.ro\/stiri\/?p=53920"},"modified":"2018-07-11T08:48:40","modified_gmt":"2018-07-11T05:48:40","slug":"dan-sima-noul-director-al-directiei-generale-de-asistenta-sociala-si-protectia-copilului-giurgiu","status":"publish","type":"post","link":"https:\/\/www.giurgiuveanul.ro\/stiri\/dan-sima-noul-director-al-directiei-generale-de-asistenta-sociala-si-protectia-copilului-giurgiu\/","title":{"rendered":"Dan Sima, noul director al Direc\u021biei Generale de Asisten\u021b\u0103 Social\u0103 \u0219i Protec\u021bia Copilului Giurgiu"},"content":{"rendered":"<p style=\"text-align: justify;\"><a href=\"https:\/\/www.giurgiuveanul.ro\/stiri\/wp-content\/uploads\/2018\/07\/Director.png\"><img loading=\"lazy\" decoding=\"async\" class=\"aligncenter size-large wp-image-53921\" src=\"https:\/\/www.giurgiuveanul.ro\/stiri\/wp-content\/uploads\/2018\/07\/Director-536x450.png\" alt=\"Director\" width=\"536\" height=\"450\" srcset=\"https:\/\/www.giurgiuveanul.ro\/stiri\/wp-content\/uploads\/2018\/07\/Director-536x450.png 536w, https:\/\/www.giurgiuveanul.ro\/stiri\/wp-content\/uploads\/2018\/07\/Director-250x210.png 250w, https:\/\/www.giurgiuveanul.ro\/stiri\/wp-content\/uploads\/2018\/07\/Director-400x336.png 400w, https:\/\/www.giurgiuveanul.ro\/stiri\/wp-content\/uploads\/2018\/07\/Director.png 800w\" sizes=\"auto, (max-width: 536px) 100vw, 536px\" \/><\/a>Pe <!--more-->ordinea de zi a \u0219edin\u021bei Consiliului Jude\u021bean de luni, 9 iulie a.c., un punct din ordinea de zi a vizat numirea unui nou director interimar la Direc\u021bia General\u0103 de Asisten\u021b\u0103 Social\u0103 \u0219i Protec\u021bia Copilului Giurgiu.<\/p>\n<p style=\"text-align: justify;\">P\u00e2n\u0103 la organizarea unui concurs pentru ocuparea acestui post, <strong>Dan Valentin Sima\u00a0<\/strong><em>(foto)<\/em> este noul director al DGASPC Giurgiu, fiind numit cu delegare pe o perioad\u0103 de \u015fase luni.<\/p>\n<p style=\"text-align: justify;\">Dan Valentin Sima a fost consilier juridic \u00een cadrul institu\u021biei pe care acum o conduce, p\u00e2n\u0103 \u00een septembrie 2008, iar p\u00e2n\u0103 \u00een prezent a lucrat, tot \u00een calitate de consilier juridic, \u00een cadrul Consiliului Jude\u021bean Giurgiu. El o \u00eenlocuie\u0219te, la conducerea DGASPC, pe Sorina Neac\u0219u, care a condus Direc\u021bia aproape doi ani.<\/p>\n","protected":false},"excerpt":{"rendered":"<p>Pe<\/p>\n","protected":false},"author":1,"featured_media":0,"comment_status":"open","ping_status":"open","sticky":false,"template":"","format":"standard","meta":{"footnotes":""},"categories":[6],"tags":[],"class_list":["post-53920","post","type-post","status-publish","format-standard","hentry","category-breaking-news"],"_links":{"self":[{"href":"https:\/\/www.giurgiuveanul.ro\/stiri\/wp-json\/wp\/v2\/posts\/53920","targetHints":{"allow":["GET"]}}],"collection":[{"href":"https:\/\/www.giurgiuveanul.ro\/stiri\/wp-json\/wp\/v2\/posts"}],"about":[{"href":"https:\/\/www.giurgiuveanul.ro\/stiri\/wp-json\/wp\/v2\/types\/post"}],"author":[{"embeddable":true,"href":"https:\/\/www.giurgiuveanul.ro\/stiri\/wp-json\/wp\/v2\/users\/1"}],"replies":[{"embeddable":true,"href":"https:\/\/www.giurgiuveanul.ro\/stiri\/wp-json\/wp\/v2\/comments?post=53920"}],"version-history":[{"count":0,"href":"https:\/\/www.giurgiuveanul.ro\/stiri\/wp-json\/wp\/v2\/posts\/53920\/revisions"}],"wp:attachment":[{"href":"https:\/\/www.giurgiuveanul.ro\/stiri\/wp-json\/wp\/v2\/media?parent=53920"}],"wp:term":[{"taxonomy":"category","embeddable":true,"href":"https:\/\/www.giurgiuveanul.ro\/stiri\/wp-json\/wp\/v2\/categories?post=53920"},{"taxonomy":"post_tag","embeddable":true,"href":"https:\/\/www.giurgiuveanul.ro\/stiri\/wp-json\/wp\/v2\/tags?post=53920"}],"curies":[{"name":"wp","href":"https:\/\/api.w.org\/{rel}","templated":true}]}}