{"id":53928,"date":"2018-07-11T09:21:22","date_gmt":"2018-07-11T06:21:22","guid":{"rendered":"https:\/\/www.giurgiuveanul.ro\/stiri\/?p=53928"},"modified":"2018-07-11T09:22:13","modified_gmt":"2018-07-11T06:22:13","slug":"agentia-judeteana-pentru-ocuparea-fortei-de-munca-giurgiu-patra-intalnire-tanks","status":"publish","type":"post","link":"https:\/\/www.giurgiuveanul.ro\/stiri\/agentia-judeteana-pentru-ocuparea-fortei-de-munca-giurgiu-patra-intalnire-tanks\/","title":{"rendered":"Agen\u0163ia Jude\u0163ean\u0103 pentru Ocuparea For\u0163ei de Munc\u0103 Giurgiu, promovarea programelor de ucenicie \u00een r\u00e2ndul tinerilor"},"content":{"rendered":"<p style=\"text-align: justify;\"><strong><a href=\"https:\/\/www.giurgiuveanul.ro\/stiri\/wp-content\/uploads\/2018\/07\/somaj-absolventi.jpg\"><img loading=\"lazy\" decoding=\"async\" class=\"aligncenter size-large wp-image-53929\" src=\"https:\/\/www.giurgiuveanul.ro\/stiri\/wp-content\/uploads\/2018\/07\/somaj-absolventi-560x280.jpg\" alt=\"somaj-absolventi\" width=\"560\" height=\"280\" srcset=\"https:\/\/www.giurgiuveanul.ro\/stiri\/wp-content\/uploads\/2018\/07\/somaj-absolventi-560x280.jpg 560w, https:\/\/www.giurgiuveanul.ro\/stiri\/wp-content\/uploads\/2018\/07\/somaj-absolventi-250x125.jpg 250w, https:\/\/www.giurgiuveanul.ro\/stiri\/wp-content\/uploads\/2018\/07\/somaj-absolventi-400x200.jpg 400w, https:\/\/www.giurgiuveanul.ro\/stiri\/wp-content\/uploads\/2018\/07\/somaj-absolventi.jpg 642w\" sizes=\"auto, (max-width: 560px) 100vw, 560px\" \/><\/a>Agentia Jude\u0163ean\u0103 pentru Ocuparea For\u0163ei de Munc\u0103 Giurgiu<!--more--> va organiza vineri, 13 iulie 2018, ora 12<sup>00<\/sup>, la sediul AJOFM Giurgiu, cea de a patra intalnire Think Tanks in cadrul proiectului \u201cFAIR &#8211; Fostering Apprenticeships sharing Ideas and Resources\u201d.<\/strong><\/p>\n<p style=\"text-align: justify;\">Proiectul este\u00a0 finantat in cadrul Programului Comisiei Europene Erasmus+; KA3 &#8211; Sprijin pentru reforma politicilor; Sprijin pentru \u00eentreprinderile mici \u0219i mijlocii implicate \u00een ucenicie si are ca obiectiv schimbul de idei \u0219i resurse in ceea ce priveste ucenicia la nivel transnational si se deruleaza in parteneriat cu Camera de Comert, Industrie si Agricultura Giurgiu, Academia Europeana, Uniunea Generala a Industriasilor din Romania, lider proiect FORMAPER \u2013 Camera de Comert Milano &#8211; Italia, Primaria Milano \u2013 Italia, ECOLE Milano- Italia, Camera de Comert Valencia &#8211; Spania, IDEA &#8211; Municipalitatea Alzira \u2013 Spania, Asocia\u021bia de afaceri Alzira &#8211; Spania.<\/p>\n<p style=\"text-align: justify;\">Prin organizarea intalnirilor din cadrul proiectului s-a urmarit atingerea scopului proiectului, acela de a permite cooperarea \u0219i schimbul de practici \/ modele \/ rezultate atat \u00eentre parteneri, c\u00e2t \u0219i la nivel local, prin crearea unor sinergii teritoriale cu implicarea activ\u0103 a actorilor-cheie, unirea eforturilor lor in constientizarea importantei si utilitatii instrumentului uceniciei spre o responzabilizare sociala a IMM-urilor prin cresterea numarului care sa accepte tineri in ucenicie.<\/p>\n<p style=\"text-align: justify;\">Lansam invitatia de a se alatura demersului privind promovarea programelor de ucenicie in randul tinerilor tuturor IMM-urilor si institutiilor interesate de domeniul vizat de proiect.<\/p>\n","protected":false},"excerpt":{"rendered":"<p>Agentia Jude\u0163ean\u0103 pentru Ocuparea For\u0163ei de Munc\u0103 Giurgiu<\/p>\n","protected":false},"author":1,"featured_media":0,"comment_status":"open","ping_status":"open","sticky":false,"template":"","format":"standard","meta":{"footnotes":""},"categories":[1],"tags":[],"class_list":["post-53928","post","type-post","status-publish","format-standard","hentry","category-actualitate"],"_links":{"self":[{"href":"https:\/\/www.giurgiuveanul.ro\/stiri\/wp-json\/wp\/v2\/posts\/53928","targetHints":{"allow":["GET"]}}],"collection":[{"href":"https:\/\/www.giurgiuveanul.ro\/stiri\/wp-json\/wp\/v2\/posts"}],"about":[{"href":"https:\/\/www.giurgiuveanul.ro\/stiri\/wp-json\/wp\/v2\/types\/post"}],"author":[{"embeddable":true,"href":"https:\/\/www.giurgiuveanul.ro\/stiri\/wp-json\/wp\/v2\/users\/1"}],"replies":[{"embeddable":true,"href":"https:\/\/www.giurgiuveanul.ro\/stiri\/wp-json\/wp\/v2\/comments?post=53928"}],"version-history":[{"count":0,"href":"https:\/\/www.giurgiuveanul.ro\/stiri\/wp-json\/wp\/v2\/posts\/53928\/revisions"}],"wp:attachment":[{"href":"https:\/\/www.giurgiuveanul.ro\/stiri\/wp-json\/wp\/v2\/media?parent=53928"}],"wp:term":[{"taxonomy":"category","embeddable":true,"href":"https:\/\/www.giurgiuveanul.ro\/stiri\/wp-json\/wp\/v2\/categories?post=53928"},{"taxonomy":"post_tag","embeddable":true,"href":"https:\/\/www.giurgiuveanul.ro\/stiri\/wp-json\/wp\/v2\/tags?post=53928"}],"curies":[{"name":"wp","href":"https:\/\/api.w.org\/{rel}","templated":true}]}}