{"id":53941,"date":"2018-07-11T18:04:44","date_gmt":"2018-07-11T15:04:44","guid":{"rendered":"https:\/\/www.giurgiuveanul.ro\/stiri\/?p=53941"},"modified":"2018-07-11T18:04:44","modified_gmt":"2018-07-11T15:04:44","slug":"profi-deschis-inca-doua-magazine-la-giurgiu","status":"publish","type":"post","link":"https:\/\/www.giurgiuveanul.ro\/stiri\/profi-deschis-inca-doua-magazine-la-giurgiu\/","title":{"rendered":"Profi a deschis \u00eenc\u0103 dou\u0103 magazine la Giurgiu!"},"content":{"rendered":"<p style=\"text-align: justify;\"><strong><a href=\"https:\/\/www.giurgiuveanul.ro\/stiri\/wp-content\/uploads\/2018\/07\/Profi_CITY.jpg\"><img loading=\"lazy\" decoding=\"async\" class=\"aligncenter size-large wp-image-53942\" src=\"https:\/\/www.giurgiuveanul.ro\/stiri\/wp-content\/uploads\/2018\/07\/Profi_CITY-560x92.jpg\" alt=\"Profi_CITY\" width=\"560\" height=\"92\" srcset=\"https:\/\/www.giurgiuveanul.ro\/stiri\/wp-content\/uploads\/2018\/07\/Profi_CITY-560x92.jpg 560w, https:\/\/www.giurgiuveanul.ro\/stiri\/wp-content\/uploads\/2018\/07\/Profi_CITY-250x41.jpg 250w, https:\/\/www.giurgiuveanul.ro\/stiri\/wp-content\/uploads\/2018\/07\/Profi_CITY-400x66.jpg 400w\" sizes=\"auto, (max-width: 560px) 100vw, 560px\" \/><\/a>Profi a deschis \u00eenc\u0103 dou\u0103 magazine \u00een municipiul Giurgiu,<!--more--> cresc\u00e2nd astfel num\u0103rul acestora. Ambele magazine sunt \u00een format City.<\/strong><\/p>\n<p style=\"text-align: justify;\">Unul se afl\u0103 \u00een fostul restaurant \u201eDoi papuci\u201d,<\/p>\n<p style=\"text-align: justify;\"><a href=\"https:\/\/www.giurgiuveanul.ro\/stiri\/wp-content\/uploads\/2018\/07\/IMG_1353.jpg\"><img loading=\"lazy\" decoding=\"async\" class=\"aligncenter size-large wp-image-53943\" src=\"https:\/\/www.giurgiuveanul.ro\/stiri\/wp-content\/uploads\/2018\/07\/IMG_1353-560x347.jpg\" alt=\"IMG_1353\" width=\"560\" height=\"347\" srcset=\"https:\/\/www.giurgiuveanul.ro\/stiri\/wp-content\/uploads\/2018\/07\/IMG_1353-560x347.jpg 560w, https:\/\/www.giurgiuveanul.ro\/stiri\/wp-content\/uploads\/2018\/07\/IMG_1353-250x155.jpg 250w, https:\/\/www.giurgiuveanul.ro\/stiri\/wp-content\/uploads\/2018\/07\/IMG_1353-400x248.jpg 400w, https:\/\/www.giurgiuveanul.ro\/stiri\/wp-content\/uploads\/2018\/07\/IMG_1353.jpg 800w\" sizes=\"auto, (max-width: 560px) 100vw, 560px\" \/><\/a><\/p>\n<p style=\"text-align: justify;\">iar cel\u0103lalt, tot pe \u015foseaua Bucure\u015fti, la \u201eSanitas\u201d, \u00een vecin\u0103tatea sta\u0163iei de autobuz.<\/p>\n<p style=\"text-align: justify;\"><a href=\"https:\/\/www.giurgiuveanul.ro\/stiri\/wp-content\/uploads\/2018\/07\/IMG_1354.jpg\"><img loading=\"lazy\" decoding=\"async\" class=\"aligncenter size-large wp-image-53944\" src=\"https:\/\/www.giurgiuveanul.ro\/stiri\/wp-content\/uploads\/2018\/07\/IMG_1354-560x382.jpg\" alt=\"IMG_1354\" width=\"560\" height=\"382\" srcset=\"https:\/\/www.giurgiuveanul.ro\/stiri\/wp-content\/uploads\/2018\/07\/IMG_1354-560x382.jpg 560w, https:\/\/www.giurgiuveanul.ro\/stiri\/wp-content\/uploads\/2018\/07\/IMG_1354-250x170.jpg 250w, https:\/\/www.giurgiuveanul.ro\/stiri\/wp-content\/uploads\/2018\/07\/IMG_1354-400x273.jpg 400w, https:\/\/www.giurgiuveanul.ro\/stiri\/wp-content\/uploads\/2018\/07\/IMG_1354.jpg 800w\" sizes=\"auto, (max-width: 560px) 100vw, 560px\" \/><\/a><\/p>\n<p style=\"text-align: justify;\">Profi este de\u021binut de fondul de investi\u021bii Mid Europa, care a preluat re\u021beaua de magazine \u00een noiembrie 2016 de la Enterprise Investors pentru 553 milioane euro, cea mai mare tranzac\u021bie din istoria retailului rom\u00e2nesc.<\/p>\n<p style=\"text-align: justify;\">Retailerul opereaz\u0103 trei concepte de magazine: Profi, Profi Mall \u015fi Profi City.<\/p>\n","protected":false},"excerpt":{"rendered":"<p>Profi a deschis \u00eenc\u0103 dou\u0103 magazine \u00een municipiul Giurgiu,<\/p>\n","protected":false},"author":1,"featured_media":0,"comment_status":"open","ping_status":"open","sticky":false,"template":"","format":"standard","meta":{"footnotes":""},"categories":[6],"tags":[],"class_list":["post-53941","post","type-post","status-publish","format-standard","hentry","category-breaking-news"],"_links":{"self":[{"href":"https:\/\/www.giurgiuveanul.ro\/stiri\/wp-json\/wp\/v2\/posts\/53941","targetHints":{"allow":["GET"]}}],"collection":[{"href":"https:\/\/www.giurgiuveanul.ro\/stiri\/wp-json\/wp\/v2\/posts"}],"about":[{"href":"https:\/\/www.giurgiuveanul.ro\/stiri\/wp-json\/wp\/v2\/types\/post"}],"author":[{"embeddable":true,"href":"https:\/\/www.giurgiuveanul.ro\/stiri\/wp-json\/wp\/v2\/users\/1"}],"replies":[{"embeddable":true,"href":"https:\/\/www.giurgiuveanul.ro\/stiri\/wp-json\/wp\/v2\/comments?post=53941"}],"version-history":[{"count":0,"href":"https:\/\/www.giurgiuveanul.ro\/stiri\/wp-json\/wp\/v2\/posts\/53941\/revisions"}],"wp:attachment":[{"href":"https:\/\/www.giurgiuveanul.ro\/stiri\/wp-json\/wp\/v2\/media?parent=53941"}],"wp:term":[{"taxonomy":"category","embeddable":true,"href":"https:\/\/www.giurgiuveanul.ro\/stiri\/wp-json\/wp\/v2\/categories?post=53941"},{"taxonomy":"post_tag","embeddable":true,"href":"https:\/\/www.giurgiuveanul.ro\/stiri\/wp-json\/wp\/v2\/tags?post=53941"}],"curies":[{"name":"wp","href":"https:\/\/api.w.org\/{rel}","templated":true}]}}