{"id":53960,"date":"2018-07-12T17:39:51","date_gmt":"2018-07-12T14:39:51","guid":{"rendered":"https:\/\/www.giurgiuveanul.ro\/stiri\/?p=53960"},"modified":"2018-07-12T17:39:51","modified_gmt":"2018-07-12T14:39:51","slug":"titularizare-2018-peste-270-de-candidati-din-giurgiu-au-sustinut-proba-scrisa","status":"publish","type":"post","link":"https:\/\/www.giurgiuveanul.ro\/stiri\/titularizare-2018-peste-270-de-candidati-din-giurgiu-au-sustinut-proba-scrisa\/","title":{"rendered":"TITULARIZARE 2018: Peste 270 de candida\u0163i din Giurgiu au sus\u0163inut proba scris\u0103"},"content":{"rendered":"<p style=\"text-align: justify;\"><strong><a href=\"https:\/\/www.giurgiuveanul.ro\/stiri\/wp-content\/uploads\/2018\/07\/examen.jpg\"><img loading=\"lazy\" decoding=\"async\" class=\"aligncenter size-large wp-image-53961\" src=\"https:\/\/www.giurgiuveanul.ro\/stiri\/wp-content\/uploads\/2018\/07\/examen-560x336.jpg\" alt=\"examen\" width=\"560\" height=\"336\" srcset=\"https:\/\/www.giurgiuveanul.ro\/stiri\/wp-content\/uploads\/2018\/07\/examen-560x336.jpg 560w, https:\/\/www.giurgiuveanul.ro\/stiri\/wp-content\/uploads\/2018\/07\/examen-250x150.jpg 250w, https:\/\/www.giurgiuveanul.ro\/stiri\/wp-content\/uploads\/2018\/07\/examen-400x240.jpg 400w, https:\/\/www.giurgiuveanul.ro\/stiri\/wp-content\/uploads\/2018\/07\/examen.jpg 750w\" sizes=\"auto, (max-width: 560px) 100vw, 560px\" \/><\/a>272 de<!--more--> candida\u0163i din jude\u021bul Giurgiu au participat, ieri, \u00a0la proba scris\u0103 \u00een cadrul examenului de Titularizare 2018. Primele rezultate vor fi cunoscute \u00een 17 iulie. \u00cen jude\u0163 sunt disponibile 1.476 de posturi, din care 46 titularizabile, adic\u0103 pe perioad\u0103 nedeterminat\u0103, 128 sunt la suplinire, iar restul\u00a0 reprezint\u0103 fra\u021biuni de catedre, potrivit datelor I\u015eJ Giurgiu. <\/strong><\/p>\n<p style=\"text-align: justify;\">Examenul de miercuri s-a desf\u0103\u0219urat la Giurgiu, \u00een Centrul de concurs\u00a0de la Colegiul Na\u021bional Ion Maiorescu.<\/p>\n<p style=\"text-align: justify;\">Pentru a fi angaja\u0163i pe perioad\u0103 nedeterminat\u0103 (titularizare), candida\u0163ii trebuie s\u0103 ob\u0163in\u0103 minimum nota 7 at\u00e2t la proba scris\u0103, c\u00e2t \u015fi la proba practic\u0103 \u015fi inspec\u0163ia special\u0103 la clas\u0103.<\/p>\n<p style=\"text-align: justify;\">Pentru angajarea pe perioad\u0103 determinat\u0103 (suplinire), candida\u0163ii trebuie s\u0103 ob\u0163in\u0103 minimum nota 5 at\u00e2t la proba scris\u0103, c\u00e2t \u015fi la proba practic\u0103 \u015fi inspec\u0163ia special\u0103.<\/p>\n<p style=\"text-align: justify;\">Concursul const\u0103 \u00een prob\u0103 practic\u0103 \u015fi\/ sau inspec\u0163ie special\u0103 la clas\u0103 \u015fi proba scris\u0103. Candida\u0163ii care solicit\u0103 ocuparea, prin concurs, de posturi didactice\/ catedre vacante\/ rezervate \u00een unit\u0103\u0163i de \u00eenv\u0103\u0163\u0103m\u00e2nt av\u00e2nd clase speciale de limbi str\u0103ine cu program intensiv \u015fi\/sau bilingv, clase cu profil sportiv sau artistic (corepeti\u0163ie, muzic\u0103, arta actorului, coregrafie, arte plastice, arte decorative, arte ambientale, arhitectur\u0103 \u015fi design), clase\/grupe de hipoacuzici \u015fi surzi, clase\/grupe cu deficien\u0163i de vedere, precum \u015fi ocuparea de catedre vacante\/rezervate de informatic\u0103, de tehnologia informa\u0163iei \u015fi a comunica\u0163iilor, de instruire practic\u0103 sau de activit\u0103\u0163i de pre-profesionalizare, posturi didactice\/catedre vacante\/rezervate din cluburi \u015fcolare sportive sau din palatele \u015fi cluburile copiilor, sus\u0163in o prob\u0103 practic\u0103 \u00een profilul postului didactic\/catedrei solicitat(e).<\/p>\n<p style=\"text-align: justify;\"><strong>Nota ob\u0163inut\u0103 la proba scris\u0103 are o pondere de 75% \u00een media de repartizare.<\/strong><\/p>\n","protected":false},"excerpt":{"rendered":"<p>272 de<\/p>\n","protected":false},"author":1,"featured_media":0,"comment_status":"open","ping_status":"open","sticky":false,"template":"","format":"standard","meta":{"footnotes":""},"categories":[6],"tags":[],"class_list":["post-53960","post","type-post","status-publish","format-standard","hentry","category-breaking-news"],"_links":{"self":[{"href":"https:\/\/www.giurgiuveanul.ro\/stiri\/wp-json\/wp\/v2\/posts\/53960","targetHints":{"allow":["GET"]}}],"collection":[{"href":"https:\/\/www.giurgiuveanul.ro\/stiri\/wp-json\/wp\/v2\/posts"}],"about":[{"href":"https:\/\/www.giurgiuveanul.ro\/stiri\/wp-json\/wp\/v2\/types\/post"}],"author":[{"embeddable":true,"href":"https:\/\/www.giurgiuveanul.ro\/stiri\/wp-json\/wp\/v2\/users\/1"}],"replies":[{"embeddable":true,"href":"https:\/\/www.giurgiuveanul.ro\/stiri\/wp-json\/wp\/v2\/comments?post=53960"}],"version-history":[{"count":0,"href":"https:\/\/www.giurgiuveanul.ro\/stiri\/wp-json\/wp\/v2\/posts\/53960\/revisions"}],"wp:attachment":[{"href":"https:\/\/www.giurgiuveanul.ro\/stiri\/wp-json\/wp\/v2\/media?parent=53960"}],"wp:term":[{"taxonomy":"category","embeddable":true,"href":"https:\/\/www.giurgiuveanul.ro\/stiri\/wp-json\/wp\/v2\/categories?post=53960"},{"taxonomy":"post_tag","embeddable":true,"href":"https:\/\/www.giurgiuveanul.ro\/stiri\/wp-json\/wp\/v2\/tags?post=53960"}],"curies":[{"name":"wp","href":"https:\/\/api.w.org\/{rel}","templated":true}]}}