{"id":53963,"date":"2018-07-12T18:10:07","date_gmt":"2018-07-12T15:10:07","guid":{"rendered":"https:\/\/www.giurgiuveanul.ro\/stiri\/?p=53963"},"modified":"2018-07-13T09:00:58","modified_gmt":"2018-07-13T06:00:58","slug":"politia-ofera-amanunte-despre-accidentul-rutier-de-la-panesim","status":"publish","type":"post","link":"https:\/\/www.giurgiuveanul.ro\/stiri\/politia-ofera-amanunte-despre-accidentul-rutier-de-la-panesim\/","title":{"rendered":"Poli\u021bia ofer\u0103 am\u0103nunte despre accidentul rutier de la Panesim!"},"content":{"rendered":"<p style=\"text-align: justify;\"><strong><a href=\"https:\/\/www.giurgiuveanul.ro\/stiri\/wp-content\/uploads\/2018\/07\/IMG_1364.jpg\"><img loading=\"lazy\" decoding=\"async\" class=\"aligncenter size-large wp-image-53958\" src=\"https:\/\/www.giurgiuveanul.ro\/stiri\/wp-content\/uploads\/2018\/07\/IMG_1364-530x450.jpg\" alt=\"IMG_1364\" width=\"530\" height=\"450\" srcset=\"https:\/\/www.giurgiuveanul.ro\/stiri\/wp-content\/uploads\/2018\/07\/IMG_1364-530x450.jpg 530w, https:\/\/www.giurgiuveanul.ro\/stiri\/wp-content\/uploads\/2018\/07\/IMG_1364-250x212.jpg 250w, https:\/\/www.giurgiuveanul.ro\/stiri\/wp-content\/uploads\/2018\/07\/IMG_1364-400x340.jpg 400w, https:\/\/www.giurgiuveanul.ro\/stiri\/wp-content\/uploads\/2018\/07\/IMG_1364.jpg 800w\" sizes=\"auto, (max-width: 530px) 100vw, 530px\" \/><\/a>A\u015fa dup\u0103 cum v-am mai informat, un accident rutier<!--more--> a avut loc \u00een aceast\u0103 diminea\u021b\u0103, pe \u0219os. Bucure\u0219ti, \u00een zona Panesim. <\/strong><\/p>\n<p style=\"text-align: justify;\">Un t\u00e2n\u0103r de 20 de ani, din Pietri\u0219u, comuna G\u0103ujani, aflat la volanul unui\u00a0 Fiat, nu a p\u0103strat distan\u021ba regulamentar\u0103 fa\u021b\u0103 de un autoturism Dacia Logan, condus de un b\u0103rbat de 65 de ani, intr\u00e2nd \u00een coliziune cu acesta.<\/p>\n<p style=\"text-align: justify;\">Din accident a rezultat r\u0103nirea u\u0219oar\u0103 a conduc\u0103torului Daciei Logan, care a fost transportat la spital.<\/p>\n<p style=\"text-align: justify;\">Poli\u021bi\u0219tii au deschis un dosar penal pentru v\u0103t\u0103mare corporal\u0103 din culp\u0103, iar \u0219oferului vinovat i s-a re\u021binut \u0219i permisul de conducere.<\/p>\n","protected":false},"excerpt":{"rendered":"<p>A\u015fa dup\u0103 cum v-am mai informat, un accident rutier<\/p>\n","protected":false},"author":1,"featured_media":0,"comment_status":"open","ping_status":"open","sticky":false,"template":"","format":"standard","meta":{"footnotes":""},"categories":[6],"tags":[],"class_list":["post-53963","post","type-post","status-publish","format-standard","hentry","category-breaking-news"],"_links":{"self":[{"href":"https:\/\/www.giurgiuveanul.ro\/stiri\/wp-json\/wp\/v2\/posts\/53963","targetHints":{"allow":["GET"]}}],"collection":[{"href":"https:\/\/www.giurgiuveanul.ro\/stiri\/wp-json\/wp\/v2\/posts"}],"about":[{"href":"https:\/\/www.giurgiuveanul.ro\/stiri\/wp-json\/wp\/v2\/types\/post"}],"author":[{"embeddable":true,"href":"https:\/\/www.giurgiuveanul.ro\/stiri\/wp-json\/wp\/v2\/users\/1"}],"replies":[{"embeddable":true,"href":"https:\/\/www.giurgiuveanul.ro\/stiri\/wp-json\/wp\/v2\/comments?post=53963"}],"version-history":[{"count":0,"href":"https:\/\/www.giurgiuveanul.ro\/stiri\/wp-json\/wp\/v2\/posts\/53963\/revisions"}],"wp:attachment":[{"href":"https:\/\/www.giurgiuveanul.ro\/stiri\/wp-json\/wp\/v2\/media?parent=53963"}],"wp:term":[{"taxonomy":"category","embeddable":true,"href":"https:\/\/www.giurgiuveanul.ro\/stiri\/wp-json\/wp\/v2\/categories?post=53963"},{"taxonomy":"post_tag","embeddable":true,"href":"https:\/\/www.giurgiuveanul.ro\/stiri\/wp-json\/wp\/v2\/tags?post=53963"}],"curies":[{"name":"wp","href":"https:\/\/api.w.org\/{rel}","templated":true}]}}