{"id":53974,"date":"2018-07-13T09:25:37","date_gmt":"2018-07-13T06:25:37","guid":{"rendered":"https:\/\/www.giurgiuveanul.ro\/stiri\/?p=53974"},"modified":"2018-07-13T09:25:37","modified_gmt":"2018-07-13T06:25:37","slug":"autoturism-cautat-de-autoritatile-din-danemarca-depistat-la-p-t-f-giurgiu","status":"publish","type":"post","link":"https:\/\/www.giurgiuveanul.ro\/stiri\/autoturism-cautat-de-autoritatile-din-danemarca-depistat-la-p-t-f-giurgiu\/","title":{"rendered":"Autoturism c\u0103utat de autorit\u0103\u0163ile din Danemarca, depistat la P.T.F. Giurgiu"},"content":{"rendered":"<p style=\"text-align: justify;\"><strong><a href=\"https:\/\/www.giurgiuveanul.ro\/stiri\/wp-content\/uploads\/2018\/07\/1531384560375-2947-S4.jpg\"><img loading=\"lazy\" decoding=\"async\" class=\"aligncenter size-large wp-image-53975\" src=\"https:\/\/www.giurgiuveanul.ro\/stiri\/wp-content\/uploads\/2018\/07\/1531384560375-2947-S4-560x336.jpg\" alt=\"1531384560375-2947-S4\" width=\"560\" height=\"336\" srcset=\"https:\/\/www.giurgiuveanul.ro\/stiri\/wp-content\/uploads\/2018\/07\/1531384560375-2947-S4-560x336.jpg 560w, https:\/\/www.giurgiuveanul.ro\/stiri\/wp-content\/uploads\/2018\/07\/1531384560375-2947-S4-250x150.jpg 250w, https:\/\/www.giurgiuveanul.ro\/stiri\/wp-content\/uploads\/2018\/07\/1531384560375-2947-S4-400x240.jpg 400w, https:\/\/www.giurgiuveanul.ro\/stiri\/wp-content\/uploads\/2018\/07\/1531384560375-2947-S4.jpg 1200w\" sizes=\"auto, (max-width: 560px) 100vw, 560px\" \/><\/a>Poli\u0163i\u015ftii de frontier\u0103 din cadrul P.T.F. Giurgiu<!--more--> au depistat un autoturism marca Volkswagen, \u00een valoare de peste 36.000 \u00a0lei, condus de un cet\u0103\u0163ean bulgar, care figura ca fiind \u00a0c\u0103utat de autorit\u0103\u0163ile din Danemarca.<\/strong><\/p>\n<p style=\"text-align: justify;\">\u00cen data de 12.07.2018,<strong>\u00a0 <\/strong>la Punctul de Trecere a Frontierei Giurgiu, s-a prezentat pentru a efectua formalit\u0103\u0163ile de frontier\u0103 cet\u0103\u021beanul bulgar T.P., \u00een v\u00e2rst\u0103 de 47 ani, la volanul unui autoturism marca Volkswagen, \u00eenmatriculat \u00een Danemarca.<\/p>\n<p style=\"text-align: justify;\">\u00cen urma verific\u0103rilor specifice, poli\u0163i\u015ftii de frontier\u0103 au constatat c\u0103 autoturismul figureaz\u0103 ca fiind <em>bun c\u0103utat pentru confiscare<\/em>, alert\u0103 introdus\u0103 de autorit\u0103\u0163ile din Danemarca la sf\u00e2r\u015fitul lunii iunie 2018.<\/p>\n<p style=\"text-align: justify;\">Fa\u0163\u0103 de cele constatate, b\u0103rbatul a declarat c\u0103 a fost rugat de un cona\u021bional s\u0103 conduc\u0103 autoturismul \u0219i nu avea cuno\u0219tin\u021b\u0103 despre faptul c\u0103 ma\u0219ina \u00a0este c\u0103utat\u0103 de autorit\u0103\u021bi.<\/p>\n<p style=\"text-align: justify;\">\u00cen cauz\u0103, poli\u0163i\u015ftii de frontier\u0103 au \u00eentocmit lucrare penal\u0103 pentru s\u0103v\u00e2r\u015firea infrac\u0163iunii de <em>t\u0103inuire<\/em>, iar autovehiculul \u00een valoare de<strong> 36.800 lei,<\/strong> a fost indisponibilizat la sediul S.T.P.F. Giurgiu p\u00e2n\u0103 la finalizarea cercet\u0103rilor.<\/p>\n","protected":false},"excerpt":{"rendered":"<p>Poli\u0163i\u015ftii de frontier\u0103 din cadrul P.T.F. Giurgiu<\/p>\n","protected":false},"author":1,"featured_media":0,"comment_status":"open","ping_status":"open","sticky":false,"template":"","format":"standard","meta":{"footnotes":""},"categories":[6],"tags":[],"class_list":["post-53974","post","type-post","status-publish","format-standard","hentry","category-breaking-news"],"_links":{"self":[{"href":"https:\/\/www.giurgiuveanul.ro\/stiri\/wp-json\/wp\/v2\/posts\/53974","targetHints":{"allow":["GET"]}}],"collection":[{"href":"https:\/\/www.giurgiuveanul.ro\/stiri\/wp-json\/wp\/v2\/posts"}],"about":[{"href":"https:\/\/www.giurgiuveanul.ro\/stiri\/wp-json\/wp\/v2\/types\/post"}],"author":[{"embeddable":true,"href":"https:\/\/www.giurgiuveanul.ro\/stiri\/wp-json\/wp\/v2\/users\/1"}],"replies":[{"embeddable":true,"href":"https:\/\/www.giurgiuveanul.ro\/stiri\/wp-json\/wp\/v2\/comments?post=53974"}],"version-history":[{"count":0,"href":"https:\/\/www.giurgiuveanul.ro\/stiri\/wp-json\/wp\/v2\/posts\/53974\/revisions"}],"wp:attachment":[{"href":"https:\/\/www.giurgiuveanul.ro\/stiri\/wp-json\/wp\/v2\/media?parent=53974"}],"wp:term":[{"taxonomy":"category","embeddable":true,"href":"https:\/\/www.giurgiuveanul.ro\/stiri\/wp-json\/wp\/v2\/categories?post=53974"},{"taxonomy":"post_tag","embeddable":true,"href":"https:\/\/www.giurgiuveanul.ro\/stiri\/wp-json\/wp\/v2\/tags?post=53974"}],"curies":[{"name":"wp","href":"https:\/\/api.w.org\/{rel}","templated":true}]}}