{"id":53982,"date":"2018-07-13T18:19:22","date_gmt":"2018-07-13T15:19:22","guid":{"rendered":"https:\/\/www.giurgiuveanul.ro\/stiri\/?p=53982"},"modified":"2018-07-13T18:19:22","modified_gmt":"2018-07-13T15:19:22","slug":"in-aceasta-seara-micuta-giurgiuveanca-in-semifinala-la-vocea-romanei-sa-fim-alaturi-de-maria-popa","status":"publish","type":"post","link":"https:\/\/www.giurgiuveanul.ro\/stiri\/in-aceasta-seara-micuta-giurgiuveanca-in-semifinala-la-vocea-romanei-sa-fim-alaturi-de-maria-popa\/","title":{"rendered":"\u00cen aceast\u0103 sear\u0103, micu\u0163a giurgiuveanc\u0103, \u00een semifinal\u0103 la \u201eVocea Rom\u00e2nei\u201d! S\u0103 fim al\u0103turi de Maria Popa!"},"content":{"rendered":"<p><a href=\"https:\/\/www.giurgiuveanul.ro\/stiri\/wp-content\/uploads\/2018\/07\/37003623_2146779275589861_5007722697933717504_n.jpg\"><img loading=\"lazy\" decoding=\"async\" class=\"aligncenter size-large wp-image-53983\" src=\"https:\/\/www.giurgiuveanul.ro\/stiri\/wp-content\/uploads\/2018\/07\/37003623_2146779275589861_5007722697933717504_n-338x450.jpg\" alt=\"37003623_2146779275589861_5007722697933717504_n\" width=\"338\" height=\"450\" srcset=\"https:\/\/www.giurgiuveanul.ro\/stiri\/wp-content\/uploads\/2018\/07\/37003623_2146779275589861_5007722697933717504_n-338x450.jpg 338w, https:\/\/www.giurgiuveanul.ro\/stiri\/wp-content\/uploads\/2018\/07\/37003623_2146779275589861_5007722697933717504_n-225x300.jpg 225w, https:\/\/www.giurgiuveanul.ro\/stiri\/wp-content\/uploads\/2018\/07\/37003623_2146779275589861_5007722697933717504_n-400x533.jpg 400w, https:\/\/www.giurgiuveanul.ro\/stiri\/wp-content\/uploads\/2018\/07\/37003623_2146779275589861_5007722697933717504_n.jpg 720w\" sizes=\"auto, (max-width: 338px) 100vw, 338px\" \/><\/a>Au ambi\u0163ie, fac show, au<!--more--> viitorul de partea lor! Nou\u0103 copii lupta pentru cele trei locuri \u00een marea final\u0103! Vocea Rom\u00e2niei Junior\u2013 SEMIFINALA \u2013 ast\u0103zi, de la 20:30 la PRO TV.<\/p>\n<p>\u00centre cei nou\u0103 copii se afl\u0103 \u015fi giurgiuveanca Maria Popa, de 13 ani, feti\u0163a unui preot giurgiuvean, p\u0103rintele Edmond Nicolae Popa, directorul Seminarului Teologic.<\/p>\n<p>Maria Popa face parte din echipa lui Marius Moga.<\/p>\n<p>iat\u0103 imagini de la CONFRUNT\u0102RI.<\/p>\n<p><iframe loading=\"lazy\" src=\"https:\/\/www.youtube.com\/embed\/jIfGMYIFIWs\" width=\"560\" height=\"315\" frameborder=\"0\" allowfullscreen=\"allowfullscreen\"><\/iframe><\/p>\n<p>&nbsp;<\/p>\n","protected":false},"excerpt":{"rendered":"<p>Au ambi\u0163ie, fac show, au<\/p>\n","protected":false},"author":1,"featured_media":0,"comment_status":"open","ping_status":"open","sticky":false,"template":"","format":"standard","meta":{"footnotes":""},"categories":[6],"tags":[],"class_list":["post-53982","post","type-post","status-publish","format-standard","hentry","category-breaking-news"],"_links":{"self":[{"href":"https:\/\/www.giurgiuveanul.ro\/stiri\/wp-json\/wp\/v2\/posts\/53982","targetHints":{"allow":["GET"]}}],"collection":[{"href":"https:\/\/www.giurgiuveanul.ro\/stiri\/wp-json\/wp\/v2\/posts"}],"about":[{"href":"https:\/\/www.giurgiuveanul.ro\/stiri\/wp-json\/wp\/v2\/types\/post"}],"author":[{"embeddable":true,"href":"https:\/\/www.giurgiuveanul.ro\/stiri\/wp-json\/wp\/v2\/users\/1"}],"replies":[{"embeddable":true,"href":"https:\/\/www.giurgiuveanul.ro\/stiri\/wp-json\/wp\/v2\/comments?post=53982"}],"version-history":[{"count":0,"href":"https:\/\/www.giurgiuveanul.ro\/stiri\/wp-json\/wp\/v2\/posts\/53982\/revisions"}],"wp:attachment":[{"href":"https:\/\/www.giurgiuveanul.ro\/stiri\/wp-json\/wp\/v2\/media?parent=53982"}],"wp:term":[{"taxonomy":"category","embeddable":true,"href":"https:\/\/www.giurgiuveanul.ro\/stiri\/wp-json\/wp\/v2\/categories?post=53982"},{"taxonomy":"post_tag","embeddable":true,"href":"https:\/\/www.giurgiuveanul.ro\/stiri\/wp-json\/wp\/v2\/tags?post=53982"}],"curies":[{"name":"wp","href":"https:\/\/api.w.org\/{rel}","templated":true}]}}