{"id":53985,"date":"2018-07-14T08:37:49","date_gmt":"2018-07-14T05:37:49","guid":{"rendered":"https:\/\/www.giurgiuveanul.ro\/stiri\/?p=53985"},"modified":"2018-07-14T08:44:58","modified_gmt":"2018-07-14T05:44:58","slug":"munca-la-negru-sanctionata-de-itm-giurgiu-cinci-persoane-depistate-doar-intr-o-zi","status":"publish","type":"post","link":"https:\/\/www.giurgiuveanul.ro\/stiri\/munca-la-negru-sanctionata-de-itm-giurgiu-cinci-persoane-depistate-doar-intr-o-zi\/","title":{"rendered":"Munca la negru, sanc\u0163ionat\u0103 de ITM Giurgiu. Cinci persoane, depistate doar \u00eentr-o zi!"},"content":{"rendered":"<p style=\"text-align: justify;\"><a href=\"https:\/\/www.giurgiuveanul.ro\/stiri\/wp-content\/uploads\/2018\/07\/foto-director-ITM-Cristian-Anculescu.jpg\"><img loading=\"lazy\" decoding=\"async\" class=\"aligncenter size-large wp-image-53986\" src=\"https:\/\/www.giurgiuveanul.ro\/stiri\/wp-content\/uploads\/2018\/07\/foto-director-ITM-Cristian-Anculescu-501x450.jpg\" alt=\"foto-director-ITM-Cristian-Anculescu\" width=\"501\" height=\"450\" srcset=\"https:\/\/www.giurgiuveanul.ro\/stiri\/wp-content\/uploads\/2018\/07\/foto-director-ITM-Cristian-Anculescu-501x450.jpg 501w, https:\/\/www.giurgiuveanul.ro\/stiri\/wp-content\/uploads\/2018\/07\/foto-director-ITM-Cristian-Anculescu-250x224.jpg 250w, https:\/\/www.giurgiuveanul.ro\/stiri\/wp-content\/uploads\/2018\/07\/foto-director-ITM-Cristian-Anculescu-400x359.jpg 400w, https:\/\/www.giurgiuveanul.ro\/stiri\/wp-content\/uploads\/2018\/07\/foto-director-ITM-Cristian-Anculescu.jpg 800w\" sizes=\"auto, (max-width: 501px) 100vw, 501px\" \/><\/a><strong>\u00cen data de<!--more--> 12 iulie a.c., I.T.M.GIURGIU a organizat o noua actiune complexa de control avand drept scop verificarea respectarii indeplinirii cerintelor legale referitoare la securitatea si sanatatea in munca in activitatea din domeniul constructiilor si depistarea si combaterea muncii fara forme legale de angajare si verificarea respectarii prevederilor legale in vigoare referitoare la relatiile de munca.<\/strong><\/p>\n<p style=\"text-align: justify;\">Potrivit inspectorului \u015fef al ITM Giurgiu, <strong>Cristian Anculescu<\/strong> (foto),\u00a0au fost verificati cinci angajatori cu un numar de peste 250 de angajati ocazie cu care au fost depistati cinci salariati care, din primele verificari, se pare ca lucrau fara forme legale de angajare.<\/p>\n<p style=\"text-align: justify;\">Astfel, la o societate comerciala au foste depistate patru persoane fara forme legale de angajare iar la alta societate o persoana, ocazie cu care au fost aplicate sanctiuni in cuantum de <strong>100.000 lei<\/strong>.<\/p>\n<p style=\"text-align: justify;\">In cadrul acestei actiuni, inspectorii din cadrul ITM Giurgiu au beneficiat de sprijinul de specialitate din partea Jandarmeriei Giurgiu.<\/p>\n","protected":false},"excerpt":{"rendered":"<p>\u00cen data de<\/p>\n","protected":false},"author":1,"featured_media":0,"comment_status":"open","ping_status":"open","sticky":false,"template":"","format":"standard","meta":{"footnotes":""},"categories":[6],"tags":[],"class_list":["post-53985","post","type-post","status-publish","format-standard","hentry","category-breaking-news"],"_links":{"self":[{"href":"https:\/\/www.giurgiuveanul.ro\/stiri\/wp-json\/wp\/v2\/posts\/53985","targetHints":{"allow":["GET"]}}],"collection":[{"href":"https:\/\/www.giurgiuveanul.ro\/stiri\/wp-json\/wp\/v2\/posts"}],"about":[{"href":"https:\/\/www.giurgiuveanul.ro\/stiri\/wp-json\/wp\/v2\/types\/post"}],"author":[{"embeddable":true,"href":"https:\/\/www.giurgiuveanul.ro\/stiri\/wp-json\/wp\/v2\/users\/1"}],"replies":[{"embeddable":true,"href":"https:\/\/www.giurgiuveanul.ro\/stiri\/wp-json\/wp\/v2\/comments?post=53985"}],"version-history":[{"count":0,"href":"https:\/\/www.giurgiuveanul.ro\/stiri\/wp-json\/wp\/v2\/posts\/53985\/revisions"}],"wp:attachment":[{"href":"https:\/\/www.giurgiuveanul.ro\/stiri\/wp-json\/wp\/v2\/media?parent=53985"}],"wp:term":[{"taxonomy":"category","embeddable":true,"href":"https:\/\/www.giurgiuveanul.ro\/stiri\/wp-json\/wp\/v2\/categories?post=53985"},{"taxonomy":"post_tag","embeddable":true,"href":"https:\/\/www.giurgiuveanul.ro\/stiri\/wp-json\/wp\/v2\/tags?post=53985"}],"curies":[{"name":"wp","href":"https:\/\/api.w.org\/{rel}","templated":true}]}}