{"id":53990,"date":"2018-07-14T11:21:22","date_gmt":"2018-07-14T08:21:22","guid":{"rendered":"https:\/\/www.giurgiuveanul.ro\/stiri\/?p=53990"},"modified":"2018-07-14T11:21:22","modified_gmt":"2018-07-14T08:21:22","slug":"spitalul-judetean-de-urgenta-giurgiu-prioritate-pentru-presedintele-marian-mina","status":"publish","type":"post","link":"https:\/\/www.giurgiuveanul.ro\/stiri\/spitalul-judetean-de-urgenta-giurgiu-prioritate-pentru-presedintele-marian-mina\/","title":{"rendered":"Spitalul Jude\u0163ean de Urgen\u0163\u0103 Giurgiu, prioritate pentru pre\u015fedintele Marian Mina!"},"content":{"rendered":"<p style=\"text-align: justify;\"><em><a href=\"https:\/\/www.giurgiuveanul.ro\/stiri\/wp-content\/uploads\/2018\/07\/37074065_855697977963569_5162611433514467328_n.jpg\"><img loading=\"lazy\" decoding=\"async\" class=\"aligncenter size-large wp-image-53991\" src=\"https:\/\/www.giurgiuveanul.ro\/stiri\/wp-content\/uploads\/2018\/07\/37074065_855697977963569_5162611433514467328_n-484x450.jpg\" alt=\"37074065_855697977963569_5162611433514467328_n\" width=\"484\" height=\"450\" srcset=\"https:\/\/www.giurgiuveanul.ro\/stiri\/wp-content\/uploads\/2018\/07\/37074065_855697977963569_5162611433514467328_n-484x450.jpg 484w, https:\/\/www.giurgiuveanul.ro\/stiri\/wp-content\/uploads\/2018\/07\/37074065_855697977963569_5162611433514467328_n-250x233.jpg 250w, https:\/\/www.giurgiuveanul.ro\/stiri\/wp-content\/uploads\/2018\/07\/37074065_855697977963569_5162611433514467328_n-400x372.jpg 400w, https:\/\/www.giurgiuveanul.ro\/stiri\/wp-content\/uploads\/2018\/07\/37074065_855697977963569_5162611433514467328_n.jpg 960w\" sizes=\"auto, (max-width: 484px) 100vw, 484px\" \/><\/a>\u201eSpitalul Jude\u0163ean de Urgen\u0163\u0103 Giurgiu<!--more--> r\u0103m\u00e2ne o prioritate pentru mine, pentru echipa PSD \u015fi pentru colegii mei din Consiliul Jude\u0163ean. Este nevoie de timp \u015fi de r\u0103bdare, dar eu sunt sigur c\u0103, \u00een 2-3 ani, jude\u0163ul nostru va avea o unitate medical\u0103 la standarde europene\u201d,<\/em> a precizat, recent, \u00een cadrul unei conferin\u0163e de pres\u0103, pre\u015fedintele Consiliului Jude\u0163ean Giurgiu.<\/p>\n<p style=\"text-align: justify;\"><em>&#8222;Avem proiectul de reabilitare, extindere \u015fi dotare pentru Spitalul Nou, ce va fi realizat prin Compania Na\u0163ional\u0103 de Investi\u0163ii. \u00cen acela\u015fi timp, \u00eempreun\u0103 cu doamna manager a SJU Giurgiu, ne ocup\u0103m de dotarea cu aparatur\u0103 medical\u0103 de ultim\u0103 genera\u0163ie. \u00cen 2017 \u015fi anul acesta, s-au depus eforturi mari pentru a fi achizi\u0163ionat\u0103 aparatur\u0103 medical\u0103 \u00een valoare de aproximativ 1.700.000 de lei&#8221;<\/em>, a mai ar\u0103tat pre\u015fedintele Consiliului Jude\u0163ean.<\/p>\n<p style=\"text-align: justify;\">\u00cen ceea ce prive\u015fte Spitalul Vechi, au fost duse la bun sf\u00e2r\u015fit unele lucr\u0103ri la acoperi\u0219, dar urmeaz\u0103 \u015fi altele.<\/p>\n<p style=\"text-align: justify;\">A\u015fa cum \u015fti\u0163i, \u00een anii anteriori, s-au f\u0103cut repara\u0163ii la imobil, dar acoperi\u015ful nu a beneficiat de astfel de lucr\u0103ri, astfel c\u0103 riscam s\u0103 cad\u0103 peste cl\u0103diri. A fost reabilitat\u0103 Sec\u0163ia de Neurologie, instala\u0163ia electric\u0103 a fost \u00eenlocuit\u0103 complet, subsolul a fost reabilitat \u015fi modernizat.<\/p>\n<p style=\"text-align: justify;\"><em>\u201eAvem un proiect ce a intrat \u00een linie dreapt\u0103 \u015fi pentru curtea Spitalului Jude\u0163ean. Am reu\u015fit s\u0103 urc\u0103m documenta\u0163ia pe SEAP \u015fi sper\u0103m ca s\u0103pt\u0103m\u00e2na viitoare s\u0103 deschidem ofertele. Aceea\u015fi aten\u0163ie o acord\u0103m \u015fi sec\u0163iei de la Vadu Lat, vor fi \u015fi acolo lucr\u0103ri de reabilitare \u015fi modernizare. V\u0103 reamintesc faptul c\u0103, acum doi ani, c\u00e2nd am preluat conducerea Consiliului Jude\u0163ean Giurgiu, Spitalul avea datorii de 7 miliarde de lei vechi. Am reu\u015fit s\u0103 le reducem la circa 2,5 miliarde \u015fi sper s\u0103 r\u0103m\u00e2nem la 1 miliard, p\u00e2n\u0103 la sf\u00e2r\u015fitul acestui an. \u00cei rog pe locuitorii acestui jude\u0163 s\u0103 mai aib\u0103 un pic de r\u0103bdare, pentru c\u0103 este greu s\u0103 faci \u00een doar 2-3 ani c\u00e2t n-au f\u0103cut al\u0163ii \u00een c\u00e2teva mandate! \u015ei \u00eei mai rog s\u0103 aib\u0103 \u00eencredere pentru c\u0103 am demonstrat c\u0103 nu \u00eei dezam\u0103gim, c\u0103 ne \u0163inem mereu de cuv\u00e2nt\u201d, <\/em>a mai men\u0163ionat pre\u015fedintele Marian Mina.<\/p>\n","protected":false},"excerpt":{"rendered":"<p>\u201eSpitalul Jude\u0163ean de Urgen\u0163\u0103 Giurgiu<\/p>\n","protected":false},"author":1,"featured_media":0,"comment_status":"open","ping_status":"open","sticky":false,"template":"","format":"standard","meta":{"footnotes":""},"categories":[6],"tags":[],"class_list":["post-53990","post","type-post","status-publish","format-standard","hentry","category-breaking-news"],"_links":{"self":[{"href":"https:\/\/www.giurgiuveanul.ro\/stiri\/wp-json\/wp\/v2\/posts\/53990","targetHints":{"allow":["GET"]}}],"collection":[{"href":"https:\/\/www.giurgiuveanul.ro\/stiri\/wp-json\/wp\/v2\/posts"}],"about":[{"href":"https:\/\/www.giurgiuveanul.ro\/stiri\/wp-json\/wp\/v2\/types\/post"}],"author":[{"embeddable":true,"href":"https:\/\/www.giurgiuveanul.ro\/stiri\/wp-json\/wp\/v2\/users\/1"}],"replies":[{"embeddable":true,"href":"https:\/\/www.giurgiuveanul.ro\/stiri\/wp-json\/wp\/v2\/comments?post=53990"}],"version-history":[{"count":0,"href":"https:\/\/www.giurgiuveanul.ro\/stiri\/wp-json\/wp\/v2\/posts\/53990\/revisions"}],"wp:attachment":[{"href":"https:\/\/www.giurgiuveanul.ro\/stiri\/wp-json\/wp\/v2\/media?parent=53990"}],"wp:term":[{"taxonomy":"category","embeddable":true,"href":"https:\/\/www.giurgiuveanul.ro\/stiri\/wp-json\/wp\/v2\/categories?post=53990"},{"taxonomy":"post_tag","embeddable":true,"href":"https:\/\/www.giurgiuveanul.ro\/stiri\/wp-json\/wp\/v2\/tags?post=53990"}],"curies":[{"name":"wp","href":"https:\/\/api.w.org\/{rel}","templated":true}]}}