{"id":54003,"date":"2018-07-16T08:40:17","date_gmt":"2018-07-16T05:40:17","guid":{"rendered":"https:\/\/www.giurgiuveanul.ro\/stiri\/?p=54003"},"modified":"2018-07-16T08:47:59","modified_gmt":"2018-07-16T05:47:59","slug":"conducea-linistit-desi-avea-permisul-suspendat","status":"publish","type":"post","link":"https:\/\/www.giurgiuveanul.ro\/stiri\/conducea-linistit-desi-avea-permisul-suspendat\/","title":{"rendered":"Conducea lini\u0219tit, de\u0219i avea permisul suspendat"},"content":{"rendered":"<p style=\"text-align: justify;\"><strong><a href=\"https:\/\/www.giurgiuveanul.ro\/stiri\/wp-content\/uploads\/2018\/06\/IMG_5265.jpg\"><img loading=\"lazy\" decoding=\"async\" class=\"aligncenter size-large wp-image-53476\" src=\"https:\/\/www.giurgiuveanul.ro\/stiri\/wp-content\/uploads\/2018\/06\/IMG_5265-531x450.jpg\" alt=\"IMG_5265\" width=\"531\" height=\"450\" srcset=\"https:\/\/www.giurgiuveanul.ro\/stiri\/wp-content\/uploads\/2018\/06\/IMG_5265-531x450.jpg 531w, https:\/\/www.giurgiuveanul.ro\/stiri\/wp-content\/uploads\/2018\/06\/IMG_5265-250x212.jpg 250w, https:\/\/www.giurgiuveanul.ro\/stiri\/wp-content\/uploads\/2018\/06\/IMG_5265-400x339.jpg 400w, https:\/\/www.giurgiuveanul.ro\/stiri\/wp-content\/uploads\/2018\/06\/IMG_5265.jpg 800w\" sizes=\"auto, (max-width: 531px) 100vw, 531px\" \/><\/a>Poli\u021bi\u0219tii <!--more-->cerceteaz\u0103 un b\u0103rbat, de 39 de ani, dup\u0103 ce a fost depistat conduc\u00e2nd un autoturism pe drumurile publice, de\u0219i avea dreptul de a conduce suspendat.<\/strong><\/p>\n<p style=\"text-align: justify;\">Vineri, 13 iulie a.c., \u00een jurul orei 19.30, poli\u021bi\u0219tii giurgiuveni au depistat \u00een trafic, pe \u0218oseaua Sloboziei, din municipiul Giurgiu, un b\u0103rbat, de 39 de ani, din municipiul Giurgiu, \u00een timp ce conducea un autoturism, de\u0219i avea dreptul de a conduce autovehicule pe drumurile publice suspendat, \u00een perioada 30.06-28.08.2018.<\/p>\n<p style=\"text-align: justify;\">\u00cen cauz\u0103, poli\u021bi\u0219tii au \u00eentocmit un dosar penal \u00een care se efectueaz\u0103 cercet\u0103ri sub aspectul\u00a0 s\u0103v\u00e2r\u0219irii infrac\u021biunii de conducere a unui autovehicul pe drumurile publice av\u00e2nd dreptul de a conduce suspendat.<\/p>\n","protected":false},"excerpt":{"rendered":"<p>Poli\u021bi\u0219tii<\/p>\n","protected":false},"author":1,"featured_media":0,"comment_status":"open","ping_status":"open","sticky":false,"template":"","format":"standard","meta":{"footnotes":""},"categories":[6],"tags":[],"class_list":["post-54003","post","type-post","status-publish","format-standard","hentry","category-breaking-news"],"_links":{"self":[{"href":"https:\/\/www.giurgiuveanul.ro\/stiri\/wp-json\/wp\/v2\/posts\/54003","targetHints":{"allow":["GET"]}}],"collection":[{"href":"https:\/\/www.giurgiuveanul.ro\/stiri\/wp-json\/wp\/v2\/posts"}],"about":[{"href":"https:\/\/www.giurgiuveanul.ro\/stiri\/wp-json\/wp\/v2\/types\/post"}],"author":[{"embeddable":true,"href":"https:\/\/www.giurgiuveanul.ro\/stiri\/wp-json\/wp\/v2\/users\/1"}],"replies":[{"embeddable":true,"href":"https:\/\/www.giurgiuveanul.ro\/stiri\/wp-json\/wp\/v2\/comments?post=54003"}],"version-history":[{"count":0,"href":"https:\/\/www.giurgiuveanul.ro\/stiri\/wp-json\/wp\/v2\/posts\/54003\/revisions"}],"wp:attachment":[{"href":"https:\/\/www.giurgiuveanul.ro\/stiri\/wp-json\/wp\/v2\/media?parent=54003"}],"wp:term":[{"taxonomy":"category","embeddable":true,"href":"https:\/\/www.giurgiuveanul.ro\/stiri\/wp-json\/wp\/v2\/categories?post=54003"},{"taxonomy":"post_tag","embeddable":true,"href":"https:\/\/www.giurgiuveanul.ro\/stiri\/wp-json\/wp\/v2\/tags?post=54003"}],"curies":[{"name":"wp","href":"https:\/\/api.w.org\/{rel}","templated":true}]}}