{"id":54012,"date":"2018-07-16T16:31:54","date_gmt":"2018-07-16T13:31:54","guid":{"rendered":"https:\/\/www.giurgiuveanul.ro\/stiri\/?p=54012"},"modified":"2018-07-16T16:32:23","modified_gmt":"2018-07-16T13:32:23","slug":"zi-de-sarbatoare-pentru-m-a-i","status":"publish","type":"post","link":"https:\/\/www.giurgiuveanul.ro\/stiri\/zi-de-sarbatoare-pentru-m-a-i\/","title":{"rendered":"ZI DE S\u0102RB\u0102TOARE PENTRU M.A.I."},"content":{"rendered":"<p style=\"text-align: justify;\"><a href=\"https:\/\/www.giurgiuveanul.ro\/stiri\/wp-content\/uploads\/2018\/04\/image1-1.png\"><img loading=\"lazy\" decoding=\"async\" class=\"aligncenter size-large wp-image-51552\" src=\"https:\/\/www.giurgiuveanul.ro\/stiri\/wp-content\/uploads\/2018\/04\/image1-1-389x450.png\" alt=\"image1 (1)\" width=\"389\" height=\"450\" srcset=\"https:\/\/www.giurgiuveanul.ro\/stiri\/wp-content\/uploads\/2018\/04\/image1-1-389x450.png 389w, https:\/\/www.giurgiuveanul.ro\/stiri\/wp-content\/uploads\/2018\/04\/image1-1-250x289.png 250w, https:\/\/www.giurgiuveanul.ro\/stiri\/wp-content\/uploads\/2018\/04\/image1-1-400x463.png 400w, https:\/\/www.giurgiuveanul.ro\/stiri\/wp-content\/uploads\/2018\/04\/image1-1.png 784w\" sizes=\"auto, (max-width: 389px) 100vw, 389px\" \/><\/a>Ast\u0103zi,<!--more--> tinerii poli\u021bi\u0219ti \u00ee\u0219i admir\u0103 cu m\u00e2ndrie \u0219i speran\u021b\u0103 primii epole\u021bi ce le graveaz\u0103 umerii, cei cu experien\u021b\u0103 \u00ee\u0219i privesc cu nostalgie firele de p\u0103r c\u0103runt \u00een oglind\u0103, reamintindu-\u0219i frumoasele \u00eenceputuri de carier\u0103, iar ceilal\u021bi sunt preg\u0103ti\u021bi s\u0103 lupte \u00een momente\u00a0 grele pentru a aduna succesele \u00een ani.<\/p>\n<p style=\"text-align: justify;\">Dragi colegi poli\u021bi\u0219ti, jandarmi, pompieri, poli\u021bi\u0219ti de frontier\u0103 v\u0103 mul\u021bumim pentru curajul de care da\u021bi dovad\u0103 \u00een fiecare zi, sacrificiu \u0219i devotament, pentru rezisten\u021b\u0103 \u00eentr-un mediu care nu este lipsit de stres \u0219i neajunsuri \u0219i nu \u00een ultimul r\u00e2nd, pentru rezultatele frumoase de care ne face\u021bi m\u00e2ndri \u00een fiecare zi.<\/p>\n<p style=\"text-align: justify;\">Cu ocazia Zilei Ministerului Afacerilor Interne, le ur\u0103m tuturor colegilor la mul\u021bi ani, s\u0103n\u0103tate \u0219i longevitate profesional\u0103, noroc \u00een toate \u0219i s\u0103 v\u0103 p\u0103zeasc\u0103 Dumnezeu!<\/p>\n<p style=\"text-align: center;\"><strong>Comisar \u015fef C\u0103t\u0103lin \u0162one,\u00a0<\/strong><\/p>\n<p style=\"text-align: center;\">\u015eef al Inspectoratului de Poli\u0163ie Jude\u0163ean Giurgiu<\/p>\n","protected":false},"excerpt":{"rendered":"<p>Ast\u0103zi,<\/p>\n","protected":false},"author":1,"featured_media":0,"comment_status":"open","ping_status":"open","sticky":false,"template":"","format":"standard","meta":{"footnotes":""},"categories":[8],"tags":[],"class_list":["post-54012","post","type-post","status-publish","format-standard","hentry","category-alert-news"],"_links":{"self":[{"href":"https:\/\/www.giurgiuveanul.ro\/stiri\/wp-json\/wp\/v2\/posts\/54012","targetHints":{"allow":["GET"]}}],"collection":[{"href":"https:\/\/www.giurgiuveanul.ro\/stiri\/wp-json\/wp\/v2\/posts"}],"about":[{"href":"https:\/\/www.giurgiuveanul.ro\/stiri\/wp-json\/wp\/v2\/types\/post"}],"author":[{"embeddable":true,"href":"https:\/\/www.giurgiuveanul.ro\/stiri\/wp-json\/wp\/v2\/users\/1"}],"replies":[{"embeddable":true,"href":"https:\/\/www.giurgiuveanul.ro\/stiri\/wp-json\/wp\/v2\/comments?post=54012"}],"version-history":[{"count":0,"href":"https:\/\/www.giurgiuveanul.ro\/stiri\/wp-json\/wp\/v2\/posts\/54012\/revisions"}],"wp:attachment":[{"href":"https:\/\/www.giurgiuveanul.ro\/stiri\/wp-json\/wp\/v2\/media?parent=54012"}],"wp:term":[{"taxonomy":"category","embeddable":true,"href":"https:\/\/www.giurgiuveanul.ro\/stiri\/wp-json\/wp\/v2\/categories?post=54012"},{"taxonomy":"post_tag","embeddable":true,"href":"https:\/\/www.giurgiuveanul.ro\/stiri\/wp-json\/wp\/v2\/tags?post=54012"}],"curies":[{"name":"wp","href":"https:\/\/api.w.org\/{rel}","templated":true}]}}