{"id":54022,"date":"2018-07-16T17:31:59","date_gmt":"2018-07-16T14:31:59","guid":{"rendered":"https:\/\/www.giurgiuveanul.ro\/stiri\/?p=54022"},"modified":"2018-07-16T17:34:00","modified_gmt":"2018-07-16T14:34:00","slug":"acum-pe-dn5-biciclist-transportat-cu-elicopterul-smurd","status":"publish","type":"post","link":"https:\/\/www.giurgiuveanul.ro\/stiri\/acum-pe-dn5-biciclist-transportat-cu-elicopterul-smurd\/","title":{"rendered":"ACUM pe DN5! Biciclist, transportat cu elicopterul SMURD! (FOTO)"},"content":{"rendered":"<p style=\"text-align: justify;\"><a href=\"https:\/\/www.giurgiuveanul.ro\/stiri\/wp-content\/uploads\/2018\/07\/37216393_1945813265449756_742392806579896320_n.jpg\"><img loading=\"lazy\" decoding=\"async\" class=\"aligncenter size-large wp-image-54023\" src=\"https:\/\/www.giurgiuveanul.ro\/stiri\/wp-content\/uploads\/2018\/07\/37216393_1945813265449756_742392806579896320_n-560x421.jpg\" alt=\"37216393_1945813265449756_742392806579896320_n\" width=\"560\" height=\"421\" srcset=\"https:\/\/www.giurgiuveanul.ro\/stiri\/wp-content\/uploads\/2018\/07\/37216393_1945813265449756_742392806579896320_n-560x421.jpg 560w, https:\/\/www.giurgiuveanul.ro\/stiri\/wp-content\/uploads\/2018\/07\/37216393_1945813265449756_742392806579896320_n-250x188.jpg 250w, https:\/\/www.giurgiuveanul.ro\/stiri\/wp-content\/uploads\/2018\/07\/37216393_1945813265449756_742392806579896320_n-400x301.jpg 400w, https:\/\/www.giurgiuveanul.ro\/stiri\/wp-content\/uploads\/2018\/07\/37216393_1945813265449756_742392806579896320_n.jpg 800w\" sizes=\"auto, (max-width: 560px) 100vw, 560px\" \/><\/a>A\u015fa dup\u0103 cum <!--more-->pute\u0163i observa \u00een imaginea trimis\u0103 de un cititor, \u00een zona sensului giratoriu de la Aduna\u0163ii Cop\u0103ceni, ac\u0163ioneaz\u0103 echipele de salvatori de la Ambulan\u0163a \u015fi elicopterul SMURD.<\/p>\n<p style=\"text-align: justify;\">Potrivit martorilor, ar fi vorba despre un biciclist r\u0103nit.<\/p>\n<p style=\"text-align: justify;\">Vom reveni cu am\u0103nunte.<\/p>\n","protected":false},"excerpt":{"rendered":"<p>A\u015fa dup\u0103 cum<\/p>\n","protected":false},"author":1,"featured_media":0,"comment_status":"open","ping_status":"open","sticky":false,"template":"","format":"standard","meta":{"footnotes":""},"categories":[6],"tags":[],"class_list":["post-54022","post","type-post","status-publish","format-standard","hentry","category-breaking-news"],"_links":{"self":[{"href":"https:\/\/www.giurgiuveanul.ro\/stiri\/wp-json\/wp\/v2\/posts\/54022","targetHints":{"allow":["GET"]}}],"collection":[{"href":"https:\/\/www.giurgiuveanul.ro\/stiri\/wp-json\/wp\/v2\/posts"}],"about":[{"href":"https:\/\/www.giurgiuveanul.ro\/stiri\/wp-json\/wp\/v2\/types\/post"}],"author":[{"embeddable":true,"href":"https:\/\/www.giurgiuveanul.ro\/stiri\/wp-json\/wp\/v2\/users\/1"}],"replies":[{"embeddable":true,"href":"https:\/\/www.giurgiuveanul.ro\/stiri\/wp-json\/wp\/v2\/comments?post=54022"}],"version-history":[{"count":0,"href":"https:\/\/www.giurgiuveanul.ro\/stiri\/wp-json\/wp\/v2\/posts\/54022\/revisions"}],"wp:attachment":[{"href":"https:\/\/www.giurgiuveanul.ro\/stiri\/wp-json\/wp\/v2\/media?parent=54022"}],"wp:term":[{"taxonomy":"category","embeddable":true,"href":"https:\/\/www.giurgiuveanul.ro\/stiri\/wp-json\/wp\/v2\/categories?post=54022"},{"taxonomy":"post_tag","embeddable":true,"href":"https:\/\/www.giurgiuveanul.ro\/stiri\/wp-json\/wp\/v2\/tags?post=54022"}],"curies":[{"name":"wp","href":"https:\/\/api.w.org\/{rel}","templated":true}]}}