{"id":54030,"date":"2018-07-16T19:15:02","date_gmt":"2018-07-16T16:15:02","guid":{"rendered":"https:\/\/www.giurgiuveanul.ro\/stiri\/?p=54030"},"modified":"2018-07-16T19:27:48","modified_gmt":"2018-07-16T16:27:48","slug":"institutiile-m-a-i-din-giurgiu-azi-in-zi-de-sarbatoare","status":"publish","type":"post","link":"https:\/\/www.giurgiuveanul.ro\/stiri\/institutiile-m-a-i-din-giurgiu-azi-in-zi-de-sarbatoare\/","title":{"rendered":"Institu\u021biile M.A.I. din Giurgiu, azi \u00een zi de s\u0103rb\u0103toare!"},"content":{"rendered":"<p style=\"text-align: justify;\"><strong><a href=\"https:\/\/www.giurgiuveanul.ro\/stiri\/wp-content\/uploads\/2018\/07\/37219224_859432434256790_3277397094406553600_n.jpg\"><img loading=\"lazy\" decoding=\"async\" class=\"aligncenter size-large wp-image-54031\" src=\"https:\/\/www.giurgiuveanul.ro\/stiri\/wp-content\/uploads\/2018\/07\/37219224_859432434256790_3277397094406553600_n-551x450.jpg\" alt=\"37219224_859432434256790_3277397094406553600_n\" width=\"551\" height=\"450\" srcset=\"https:\/\/www.giurgiuveanul.ro\/stiri\/wp-content\/uploads\/2018\/07\/37219224_859432434256790_3277397094406553600_n-551x450.jpg 551w, https:\/\/www.giurgiuveanul.ro\/stiri\/wp-content\/uploads\/2018\/07\/37219224_859432434256790_3277397094406553600_n-250x204.jpg 250w, https:\/\/www.giurgiuveanul.ro\/stiri\/wp-content\/uploads\/2018\/07\/37219224_859432434256790_3277397094406553600_n-400x327.jpg 400w, https:\/\/www.giurgiuveanul.ro\/stiri\/wp-content\/uploads\/2018\/07\/37219224_859432434256790_3277397094406553600_n.jpg 750w\" sizes=\"auto, (max-width: 551px) 100vw, 551px\" \/><\/a>Ast\u0103zi<!--more--> e o zi special\u0103 pentru Ministerul Afacerilor Interne. Este ziua sa aniversara. Acest eveniment nu putea trece oricum.<\/strong><\/p>\n<p style=\"text-align: justify;\">Prefectul jude\u021bului nostru, doamna Nina Carmen Crisu a \u201cconvocat\u201d,\u00a0 to\u021bi \u0219efii de arme la o \u00eentrunire aniversara, ocazie cu care le-a oferit diplome de excelenta si flori.<\/p>\n<p><a href=\"https:\/\/www.giurgiuveanul.ro\/stiri\/wp-content\/uploads\/2018\/07\/37208215_859449617588405_4468245041432756224_n.jpg\"><img loading=\"lazy\" decoding=\"async\" class=\"aligncenter size-large wp-image-54033\" src=\"https:\/\/www.giurgiuveanul.ro\/stiri\/wp-content\/uploads\/2018\/07\/37208215_859449617588405_4468245041432756224_n-560x420.jpg\" alt=\"37208215_859449617588405_4468245041432756224_n\" width=\"560\" height=\"420\" srcset=\"https:\/\/www.giurgiuveanul.ro\/stiri\/wp-content\/uploads\/2018\/07\/37208215_859449617588405_4468245041432756224_n-560x420.jpg 560w, https:\/\/www.giurgiuveanul.ro\/stiri\/wp-content\/uploads\/2018\/07\/37208215_859449617588405_4468245041432756224_n-250x188.jpg 250w, https:\/\/www.giurgiuveanul.ro\/stiri\/wp-content\/uploads\/2018\/07\/37208215_859449617588405_4468245041432756224_n-400x300.jpg 400w, https:\/\/www.giurgiuveanul.ro\/stiri\/wp-content\/uploads\/2018\/07\/37208215_859449617588405_4468245041432756224_n.jpg 960w\" sizes=\"auto, (max-width: 560px) 100vw, 560px\" \/><\/a><\/p>\n<p style=\"text-align: justify;\">Cu ocazia evenimentului, prefectul de Giurgiu, <strong>Nina Crisu,<\/strong> a afirmat: \u201c<em>Suntem o familie unita, o echipa puternica si eficienta si trebuie sa r\u0103m\u00e2nem asa. Va rog sa p\u0103stra\u021bi aplicarea legii, singura preocupare a dumneavoastr\u0103. Va multumesc si va admir pentru tot ceea ce face\u021bi. La multi ani!\u201d<\/em><\/p>\n<p>La sf\u00e2r\u0219itul \u00eentrunirii, to\u021bi participan\u021bii au gustat din tortul special comandat.<\/p>\n<p>&nbsp;<\/p>\n<p>La multi ani, MAI!<\/p>\n","protected":false},"excerpt":{"rendered":"<p>Ast\u0103zi<\/p>\n","protected":false},"author":1,"featured_media":0,"comment_status":"open","ping_status":"open","sticky":false,"template":"","format":"standard","meta":{"footnotes":""},"categories":[6],"tags":[],"class_list":["post-54030","post","type-post","status-publish","format-standard","hentry","category-breaking-news"],"_links":{"self":[{"href":"https:\/\/www.giurgiuveanul.ro\/stiri\/wp-json\/wp\/v2\/posts\/54030","targetHints":{"allow":["GET"]}}],"collection":[{"href":"https:\/\/www.giurgiuveanul.ro\/stiri\/wp-json\/wp\/v2\/posts"}],"about":[{"href":"https:\/\/www.giurgiuveanul.ro\/stiri\/wp-json\/wp\/v2\/types\/post"}],"author":[{"embeddable":true,"href":"https:\/\/www.giurgiuveanul.ro\/stiri\/wp-json\/wp\/v2\/users\/1"}],"replies":[{"embeddable":true,"href":"https:\/\/www.giurgiuveanul.ro\/stiri\/wp-json\/wp\/v2\/comments?post=54030"}],"version-history":[{"count":0,"href":"https:\/\/www.giurgiuveanul.ro\/stiri\/wp-json\/wp\/v2\/posts\/54030\/revisions"}],"wp:attachment":[{"href":"https:\/\/www.giurgiuveanul.ro\/stiri\/wp-json\/wp\/v2\/media?parent=54030"}],"wp:term":[{"taxonomy":"category","embeddable":true,"href":"https:\/\/www.giurgiuveanul.ro\/stiri\/wp-json\/wp\/v2\/categories?post=54030"},{"taxonomy":"post_tag","embeddable":true,"href":"https:\/\/www.giurgiuveanul.ro\/stiri\/wp-json\/wp\/v2\/tags?post=54030"}],"curies":[{"name":"wp","href":"https:\/\/api.w.org\/{rel}","templated":true}]}}