{"id":54047,"date":"2018-07-18T09:17:21","date_gmt":"2018-07-18T06:17:21","guid":{"rendered":"https:\/\/www.giurgiuveanul.ro\/stiri\/?p=54047"},"modified":"2018-07-18T09:38:43","modified_gmt":"2018-07-18T06:38:43","slug":"ion-tamas-plecat-dintre-noi-astazi-implinea-49-de-ani","status":"publish","type":"post","link":"https:\/\/www.giurgiuveanul.ro\/stiri\/ion-tamas-plecat-dintre-noi-astazi-implinea-49-de-ani\/","title":{"rendered":"Ion Tama\u015f a plecat dintre noi&#8230; Ast\u0103zi \u00eemplinea 49 de ani&#8230;"},"content":{"rendered":"<p style=\"text-align: center;\"><a href=\"https:\/\/www.giurgiuveanul.ro\/stiri\/wp-content\/uploads\/2018\/07\/1013045_3041637295881_1213609228_n.jpg\"><img loading=\"lazy\" decoding=\"async\" class=\"aligncenter size-large wp-image-54048\" src=\"https:\/\/www.giurgiuveanul.ro\/stiri\/wp-content\/uploads\/2018\/07\/1013045_3041637295881_1213609228_n-471x450.jpg\" alt=\"1013045_3041637295881_1213609228_n\" width=\"471\" height=\"450\" srcset=\"https:\/\/www.giurgiuveanul.ro\/stiri\/wp-content\/uploads\/2018\/07\/1013045_3041637295881_1213609228_n-471x450.jpg 471w, https:\/\/www.giurgiuveanul.ro\/stiri\/wp-content\/uploads\/2018\/07\/1013045_3041637295881_1213609228_n-250x239.jpg 250w, https:\/\/www.giurgiuveanul.ro\/stiri\/wp-content\/uploads\/2018\/07\/1013045_3041637295881_1213609228_n-400x382.jpg 400w, https:\/\/www.giurgiuveanul.ro\/stiri\/wp-content\/uploads\/2018\/07\/1013045_3041637295881_1213609228_n.jpg 800w\" sizes=\"auto, (max-width: 471px) 100vw, 471px\" \/><\/a>Am aflat cu durere vestea decesului prematur al lui <strong>Ion Tama\u015f.<\/strong><\/p>\n<p style=\"text-align: center;\">Ast\u0103zi, c\u00e2nd<!--more--> \u00eemplinea 49 de ani, a plecat dintre noi,<\/p>\n<p style=\"text-align: center;\">dup\u0103 o lung\u0103 \u015fi grea suferin\u0163\u0103, mult prea din timp.<\/p>\n<p style=\"text-align: center;\"><strong>Ion Tama\u015f<\/strong> a fost un mare campion \u00een artele mar\u0163iale,<\/p>\n<p style=\"text-align: center;\">stilurile <strong>Kyokushin<\/strong> \u015fi <strong>Taekwondo<\/strong>.<\/p>\n<p style=\"text-align: center;\">Amintirea lui va r\u0103m\u00e2ne mereu vie \u00een sufletele noastre.<\/p>\n<p style=\"text-align: center;\">Trupul ne\u00eensufle\u0163it va fi depus ast\u0103zi,<\/p>\n<p style=\"text-align: center;\">la Capela Bisericii Eroilor,<\/p>\n<p style=\"text-align: center;\">de l\u00e2ng\u0103 Spitalul Jude\u0163ean Giurgiu.<\/p>\n<p style=\"text-align: center;\">Fie ca bunul Dumnezeu s\u0103-l odihneasc\u0103 \u00een pace,<\/p>\n<p style=\"text-align: center;\">s\u0103-i fac\u0103 parte cu drep\u0163ii \u00een \u00cemp\u0103r\u0103\u0163ia Cerurilor,<\/p>\n<p style=\"text-align: center;\">iar familiei \u00eendoliate \u015fi mult \u00eencercate<\/p>\n<p style=\"text-align: center;\">s\u0103-i dea lini\u015ftea sufleteasc\u0103<\/p>\n<p style=\"text-align: center;\">de care are at\u00e2ta nevoie \u00een aceste momente&#8230;<\/p>\n","protected":false},"excerpt":{"rendered":"<p>Am aflat cu durere vestea decesului prematur al lui Ion Tama\u015f. Ast\u0103zi, c\u00e2nd<\/p>\n","protected":false},"author":1,"featured_media":0,"comment_status":"open","ping_status":"open","sticky":false,"template":"","format":"standard","meta":{"footnotes":""},"categories":[18],"tags":[],"class_list":["post-54047","post","type-post","status-publish","format-standard","hentry","category-tragedie"],"_links":{"self":[{"href":"https:\/\/www.giurgiuveanul.ro\/stiri\/wp-json\/wp\/v2\/posts\/54047","targetHints":{"allow":["GET"]}}],"collection":[{"href":"https:\/\/www.giurgiuveanul.ro\/stiri\/wp-json\/wp\/v2\/posts"}],"about":[{"href":"https:\/\/www.giurgiuveanul.ro\/stiri\/wp-json\/wp\/v2\/types\/post"}],"author":[{"embeddable":true,"href":"https:\/\/www.giurgiuveanul.ro\/stiri\/wp-json\/wp\/v2\/users\/1"}],"replies":[{"embeddable":true,"href":"https:\/\/www.giurgiuveanul.ro\/stiri\/wp-json\/wp\/v2\/comments?post=54047"}],"version-history":[{"count":0,"href":"https:\/\/www.giurgiuveanul.ro\/stiri\/wp-json\/wp\/v2\/posts\/54047\/revisions"}],"wp:attachment":[{"href":"https:\/\/www.giurgiuveanul.ro\/stiri\/wp-json\/wp\/v2\/media?parent=54047"}],"wp:term":[{"taxonomy":"category","embeddable":true,"href":"https:\/\/www.giurgiuveanul.ro\/stiri\/wp-json\/wp\/v2\/categories?post=54047"},{"taxonomy":"post_tag","embeddable":true,"href":"https:\/\/www.giurgiuveanul.ro\/stiri\/wp-json\/wp\/v2\/tags?post=54047"}],"curies":[{"name":"wp","href":"https:\/\/api.w.org\/{rel}","templated":true}]}}