{"id":54217,"date":"2018-07-25T17:47:44","date_gmt":"2018-07-25T14:47:44","guid":{"rendered":"https:\/\/www.giurgiuveanul.ro\/stiri\/?p=54217"},"modified":"2018-07-25T17:47:44","modified_gmt":"2018-07-25T14:47:44","slug":"din-presa-vremii-bustul-lui-eminescu-la-giurgiu","status":"publish","type":"post","link":"https:\/\/www.giurgiuveanul.ro\/stiri\/din-presa-vremii-bustul-lui-eminescu-la-giurgiu\/","title":{"rendered":"DIN PRESA VREMII:  BUSTUL LUI EMINESCU LA GIURGIU"},"content":{"rendered":"<p style=\"text-align: justify;\"><a href=\"https:\/\/www.giurgiuveanul.ro\/stiri\/wp-content\/uploads\/2018\/07\/IMG_3484.jpg\"><img loading=\"lazy\" decoding=\"async\" class=\"aligncenter size-large wp-image-54218\" src=\"https:\/\/www.giurgiuveanul.ro\/stiri\/wp-content\/uploads\/2018\/07\/IMG_3484-331x450.jpg\" alt=\"IMG_3484\" width=\"331\" height=\"450\" srcset=\"https:\/\/www.giurgiuveanul.ro\/stiri\/wp-content\/uploads\/2018\/07\/IMG_3484-331x450.jpg 331w, https:\/\/www.giurgiuveanul.ro\/stiri\/wp-content\/uploads\/2018\/07\/IMG_3484-221x300.jpg 221w, https:\/\/www.giurgiuveanul.ro\/stiri\/wp-content\/uploads\/2018\/07\/IMG_3484-400x543.jpg 400w, https:\/\/www.giurgiuveanul.ro\/stiri\/wp-content\/uploads\/2018\/07\/IMG_3484.jpg 589w\" sizes=\"auto, (max-width: 331px) 100vw, 331px\" \/><\/a>Periodicul giurgiuvean<!--more-->\u201cVla\u015fca\u201c, anul IX, nr.15 din 19 ianuarie 1936, a consemnat ini\u0163iativa ridic\u0103rii, la Giurgiu, a unui monument Mihai Eminescu :<\/p>\n<p style=\"text-align: justify;\">\u201c<em>Intelectualii giurgiuveni au luat ini\u0163iativa construirii unui monument \u00een Giurgiu, celui mai mare poet na\u0163ional \u015fi gazetar Mihai Eminescu. C\u0103 ideia a venit acum nu este deloc \u00eent\u00e2mpl\u0103toare. Curentul na\u0163ionalist este at\u00e2t de puternic\u00a0 \u00eenc\u00e2t ora\u015ful nostru n-ar fi r\u0103bdat \u00a0unui monument aceluia care toat\u0103 via\u0163a a slujit contra str\u0103inilor sau \u00eenstr\u0103in\u0103rilor. Cine nu cunoa\u015fte pe de rost frumoasa \u201e<\/em><em>Doin\u0103\u201d na\u0163ional\u0103: \u201c De la Nistru p\u00e2n\u0103 la Tisa\/ Tot rom\u00e2nul <\/em><em>pl\u00e2nsu-mi-sa\/C\u0103 nu mai poate str\u0103bate\/De at\u00e2ta str\u0103in\u0103tate &#8230;\u201d<\/em><\/p>\n<p style=\"text-align: justify;\"><em>Ceea ce pentru marele Mihai Eminescu era un ideal, azi, dup\u0103 60 de ani, idealul s\u0103u \u00eencepe s\u0103 se \u00eenf\u0103ptuiasc\u0103, Mihai Eminescu este este idealul nostrum <\/em><em>na\u0163ional &#8230;<\/em><\/p>\n<p style=\"text-align: justify;\"><em>Giurgiuvenii s\u0103 mul\u0163umeasc\u0103 d-lui profesor M.Marinescu pentru propunerea sa. Prezen\u0163a unui monument a lui Eminescu \u00een Giurgiu va reaminti genera\u0163iilor de azi c\u0103 M.Eminescu a alinat suferin\u0163ele tinere\u0163ii lui c\u00e2tva timp, aici pe malurile Dun\u0103rii albastre.<\/em><\/p>\n<p style=\"text-align: justify;\"><em>Comitetul format pentru realizarea acestui monument au rugat pe d. Savin Popescu, directorul liceului, s\u0103 primeasc\u0103 pre\u015feden\u0163ia Comitetului , contribuind cu to\u0163ii la str\u00e2ngerea de fonduri.<\/em><\/p>\n<p style=\"text-align: justify;\"><em>\u00a0Facem apel la bunii rom\u00e2ni s\u0103 dea c\u00e2te ceva pentru acest monument, care va fi cea mai mare cinste a noastr\u0103. Toate sumele se trimit pe adresa d-lui director al liceului.\u201d<\/em><\/p>\n<p style=\"text-align: justify;\">Este, acest articol extras din presa vremii, un document de mare valoare, care atest\u0103 un moment important din via\u0163a ora\u015fului Giurgiu, pe care Mihai Eminescu l-a iubit at\u00e2t de mult, dovad\u0103 numeroasele sale treceri sau venirii la bunii s\u0103i prieteni. Sunt aminti\u0163i doar doi componen\u0163i ai Comitetului de ini\u0163iativ\u0103 pentru ridicarea unui bust la Giurgiu, distin\u015fii profesori: Marinel Marinescu,care \u00a0a avut ini\u0163iativa realiz\u0103rii monumentului, fiind, apoi, \u015fi casierul\u00a0 Comitetului, \u00a0\u00a0\u015fi Savin Popescu, care a rostuit desf\u0103\u015furarea ac\u0163iunilor, p\u00e2n\u0103 la inaugurarea bustui, pe locul ales de giurgiuveanul Tudor Vianu.<\/p>\n<p style=\"text-align: justify;\">\n<p style=\"text-align: justify;\"><em>Emil Talianu<\/em><\/p>\n","protected":false},"excerpt":{"rendered":"<p>Periodicul giurgiuvean<\/p>\n","protected":false},"author":1,"featured_media":0,"comment_status":"open","ping_status":"open","sticky":false,"template":"","format":"standard","meta":{"footnotes":""},"categories":[21],"tags":[],"class_list":["post-54217","post","type-post","status-publish","format-standard","hentry","category-opinia-mea"],"_links":{"self":[{"href":"https:\/\/www.giurgiuveanul.ro\/stiri\/wp-json\/wp\/v2\/posts\/54217","targetHints":{"allow":["GET"]}}],"collection":[{"href":"https:\/\/www.giurgiuveanul.ro\/stiri\/wp-json\/wp\/v2\/posts"}],"about":[{"href":"https:\/\/www.giurgiuveanul.ro\/stiri\/wp-json\/wp\/v2\/types\/post"}],"author":[{"embeddable":true,"href":"https:\/\/www.giurgiuveanul.ro\/stiri\/wp-json\/wp\/v2\/users\/1"}],"replies":[{"embeddable":true,"href":"https:\/\/www.giurgiuveanul.ro\/stiri\/wp-json\/wp\/v2\/comments?post=54217"}],"version-history":[{"count":0,"href":"https:\/\/www.giurgiuveanul.ro\/stiri\/wp-json\/wp\/v2\/posts\/54217\/revisions"}],"wp:attachment":[{"href":"https:\/\/www.giurgiuveanul.ro\/stiri\/wp-json\/wp\/v2\/media?parent=54217"}],"wp:term":[{"taxonomy":"category","embeddable":true,"href":"https:\/\/www.giurgiuveanul.ro\/stiri\/wp-json\/wp\/v2\/categories?post=54217"},{"taxonomy":"post_tag","embeddable":true,"href":"https:\/\/www.giurgiuveanul.ro\/stiri\/wp-json\/wp\/v2\/tags?post=54217"}],"curies":[{"name":"wp","href":"https:\/\/api.w.org\/{rel}","templated":true}]}}