{"id":54323,"date":"2018-07-31T08:37:16","date_gmt":"2018-07-31T05:37:16","guid":{"rendered":"https:\/\/www.giurgiuveanul.ro\/stiri\/?p=54323"},"modified":"2018-08-01T09:12:01","modified_gmt":"2018-08-01T06:12:01","slug":"mai-se-vorbeste-si-de-bine","status":"publish","type":"post","link":"https:\/\/www.giurgiuveanul.ro\/stiri\/mai-se-vorbeste-si-de-bine\/","title":{"rendered":"Mai se vorbe\u0219te \u0219i de bine\u2026"},"content":{"rendered":"<p style=\"text-align: justify;\"><a href=\"https:\/\/www.giurgiuveanul.ro\/stiri\/wp-content\/uploads\/2018\/07\/def_22598000.jpg\"><img loading=\"lazy\" decoding=\"async\" class=\"aligncenter size-large wp-image-54324\" src=\"https:\/\/www.giurgiuveanul.ro\/stiri\/wp-content\/uploads\/2018\/07\/def_22598000-560x315.jpg\" alt=\"def_22598000\" width=\"560\" height=\"315\" srcset=\"https:\/\/www.giurgiuveanul.ro\/stiri\/wp-content\/uploads\/2018\/07\/def_22598000-560x315.jpg 560w, https:\/\/www.giurgiuveanul.ro\/stiri\/wp-content\/uploads\/2018\/07\/def_22598000-250x140.jpg 250w, https:\/\/www.giurgiuveanul.ro\/stiri\/wp-content\/uploads\/2018\/07\/def_22598000-400x225.jpg 400w, https:\/\/www.giurgiuveanul.ro\/stiri\/wp-content\/uploads\/2018\/07\/def_22598000.jpg 728w\" sizes=\"auto, (max-width: 560px) 100vw, 560px\" \/><\/a>Recentul<!--more--> examen de definitivat \u00een \u00eenv\u0103\u021b\u0103m\u00e2nt, etap\u0103 destul de important\u0103 \u00een formarea profesional\u0103 a unui cadru didactic, a reliefat, prin rezultatele ob\u021binute, c\u0103 jude\u021bul Giurgiu nu mai ocup\u0103 locul de la coada clasamentului.<\/p>\n<p style=\"text-align: justify;\">Firesc, tinerele cadre didactice \u00ee\u0219i doresc o stabilitate \u00een \u00eenv\u0103\u021b\u0103m\u00e2nt, siguran\u021b\u0103 pe post, dar \u0219i trecerea la o nou\u0103 clas\u0103 de salarizare.<\/p>\n<p style=\"text-align: justify;\">Procentul de promovabilitate ob\u021binut de cei \u00eenscri\u0219i la acest examen\u00a0 din \u00a0jude\u021bul nostru, a fost de 64,07. Dar, ce trebuie\u00a0 remarcat sunt mediile de 10 primite de dou\u0103 cadre\u00a0 didactice din unit\u0103\u021bi de \u00eenv\u0103\u021b\u0103m\u00e2nt din nordul jude\u021bului nostru.<\/p>\n<p style=\"text-align: justify;\">Este vorba de doamna educatoare <strong>Ioana-Valentina Butn\u0103rescu<\/strong>, de la \u0218coala gimnazial\u0103 din comuna Ogrezeni, \u0219i doamna profesoar\u0103 <strong>Silvia-Mihaela Cristea<\/strong> de la Scoala gimnazial\u0103 din comuna Bolintin Deal. Felicit\u0103ri, doamnelor !<\/p>\n<p style=\"text-align: justify;\">O privire mai atent\u0103 asupra notelor ob\u021binute relev\u0103 seriozitatea preg\u0103tirii candida\u021bilor pentru acest examen, fiindc\u0103 predomin\u0103 notele de peste 9, \u0219tiindu-se c\u0103 examenul de definitivat poate fi promovat cu nota minim\u0103 8.<\/p>\n<p style=\"text-align: justify;\">Au fost \u00eenregistarate \u0219i puncte slabe : din candida\u021bii \u00eenscri\u0219i, 17 nu au mai suportat emo\u021biile \u0219i au renun\u021bat la inspec\u021bia special\u0103 de \u00a0la orele desf\u0103\u0219urate la clase, 9\u00a0 cadre didactice au primit note cuprinse \u00eentre 9,5 \u2013 8, av\u00e2nd lacune \u00een derularea lec\u021biilor inspectate, iar o doamn\u0103 profesoar\u0103 a ob\u0219inut, la probele scrise, media 4,o3.<\/p>\n<p style=\"text-align: justify;\">Dar avem dou\u0103 medii de 10, zic unii, o premier\u0103 giurgiuvean\u0103. Semne bune,\u00a0 \u0219coala din aceast\u0103 parte de \u021bar\u0103, are !<\/p>\n<p style=\"text-align: justify;\"><strong><em>Emil Talianu<\/em><\/strong><\/p>\n","protected":false},"excerpt":{"rendered":"<p>Recentul<\/p>\n","protected":false},"author":1,"featured_media":0,"comment_status":"open","ping_status":"open","sticky":false,"template":"","format":"standard","meta":{"footnotes":""},"categories":[21],"tags":[],"class_list":["post-54323","post","type-post","status-publish","format-standard","hentry","category-opinia-mea"],"_links":{"self":[{"href":"https:\/\/www.giurgiuveanul.ro\/stiri\/wp-json\/wp\/v2\/posts\/54323","targetHints":{"allow":["GET"]}}],"collection":[{"href":"https:\/\/www.giurgiuveanul.ro\/stiri\/wp-json\/wp\/v2\/posts"}],"about":[{"href":"https:\/\/www.giurgiuveanul.ro\/stiri\/wp-json\/wp\/v2\/types\/post"}],"author":[{"embeddable":true,"href":"https:\/\/www.giurgiuveanul.ro\/stiri\/wp-json\/wp\/v2\/users\/1"}],"replies":[{"embeddable":true,"href":"https:\/\/www.giurgiuveanul.ro\/stiri\/wp-json\/wp\/v2\/comments?post=54323"}],"version-history":[{"count":0,"href":"https:\/\/www.giurgiuveanul.ro\/stiri\/wp-json\/wp\/v2\/posts\/54323\/revisions"}],"wp:attachment":[{"href":"https:\/\/www.giurgiuveanul.ro\/stiri\/wp-json\/wp\/v2\/media?parent=54323"}],"wp:term":[{"taxonomy":"category","embeddable":true,"href":"https:\/\/www.giurgiuveanul.ro\/stiri\/wp-json\/wp\/v2\/categories?post=54323"},{"taxonomy":"post_tag","embeddable":true,"href":"https:\/\/www.giurgiuveanul.ro\/stiri\/wp-json\/wp\/v2\/tags?post=54323"}],"curies":[{"name":"wp","href":"https:\/\/api.w.org\/{rel}","templated":true}]}}