{"id":54438,"date":"2018-08-06T19:54:18","date_gmt":"2018-08-06T16:54:18","guid":{"rendered":"https:\/\/www.giurgiuveanul.ro\/stiri\/?p=54438"},"modified":"2018-08-06T20:57:18","modified_gmt":"2018-08-06T17:57:18","slug":"aniversare-la-isu-giurgiu-la-multi-ani-domnule-colonel-emil-apostol","status":"publish","type":"post","link":"https:\/\/www.giurgiuveanul.ro\/stiri\/aniversare-la-isu-giurgiu-la-multi-ani-domnule-colonel-emil-apostol\/","title":{"rendered":"ANIVERSARE la ISU Giurgiu! La mul\u0163i ani, domnule colonel Emil Apostol!"},"content":{"rendered":"<p style=\"text-align: justify;\"><a href=\"https:\/\/www.giurgiuveanul.ro\/stiri\/wp-content\/uploads\/2018\/08\/Colonel-Emil-Apostol1-2.jpg\"><img loading=\"lazy\" decoding=\"async\" class=\"aligncenter size-large wp-image-54439\" src=\"https:\/\/www.giurgiuveanul.ro\/stiri\/wp-content\/uploads\/2018\/08\/Colonel-Emil-Apostol1-2-560x442.jpg\" alt=\"Colonel-Emil-Apostol1-2\" width=\"560\" height=\"442\" srcset=\"https:\/\/www.giurgiuveanul.ro\/stiri\/wp-content\/uploads\/2018\/08\/Colonel-Emil-Apostol1-2-560x442.jpg 560w, https:\/\/www.giurgiuveanul.ro\/stiri\/wp-content\/uploads\/2018\/08\/Colonel-Emil-Apostol1-2-250x197.jpg 250w, https:\/\/www.giurgiuveanul.ro\/stiri\/wp-content\/uploads\/2018\/08\/Colonel-Emil-Apostol1-2-400x316.jpg 400w, https:\/\/www.giurgiuveanul.ro\/stiri\/wp-content\/uploads\/2018\/08\/Colonel-Emil-Apostol1-2.jpg 800w\" sizes=\"auto, (max-width: 560px) 100vw, 560px\" \/><\/a>OMUL,<!--more--> ofi\u0163erul \u015fi comandantul, o personalitate distins\u0103 a meleagurilor noastre, inspectorul \u015fef al Inspectoratului pentru Situa\u0163ii de Urgen\u0163\u0103 \u201eVla\u015fca\u201d al Giurgiu, <strong>domnul colonel Emil Apostol<\/strong> ne-a demonstrat c\u0103 este vrednic de haina militar\u0103 pe care o poart\u0103 cu demnitate, mereu activ si implicat, cu experien\u0163a domniei sale, atunci c\u00e2nd datoria o cere.<\/p>\n<p style=\"text-align: justify;\">Ast\u0103zi domnia sa \u00eempline\u015fte o frumoas\u0103 v\u00e2rst\u0103.<\/p>\n<p style=\"text-align: justify;\">V\u0103 transmitem, domnule colonel Emil Apostol, ur\u0103rile noastre de bine, s\u0103n\u0103tate, prosperitate \u0219i bucurii al\u0103turi de cei dragi, \u00eempreun\u0103 cu cele mai sincere g\u00e2nduri de stim\u0103, onoare \u015fi respect!<\/p>\n<p style=\"text-align: center;\"><em>La mul\u0163i ani \u015fi din partea noastr\u0103, domnule colonel Emil Apostol!<\/em><\/p>\n","protected":false},"excerpt":{"rendered":"<p>OMUL,<\/p>\n","protected":false},"author":1,"featured_media":0,"comment_status":"open","ping_status":"open","sticky":false,"template":"","format":"standard","meta":{"footnotes":""},"categories":[16],"tags":[],"class_list":["post-54438","post","type-post","status-publish","format-standard","hentry","category-astazi-e-ziua-ta"],"_links":{"self":[{"href":"https:\/\/www.giurgiuveanul.ro\/stiri\/wp-json\/wp\/v2\/posts\/54438","targetHints":{"allow":["GET"]}}],"collection":[{"href":"https:\/\/www.giurgiuveanul.ro\/stiri\/wp-json\/wp\/v2\/posts"}],"about":[{"href":"https:\/\/www.giurgiuveanul.ro\/stiri\/wp-json\/wp\/v2\/types\/post"}],"author":[{"embeddable":true,"href":"https:\/\/www.giurgiuveanul.ro\/stiri\/wp-json\/wp\/v2\/users\/1"}],"replies":[{"embeddable":true,"href":"https:\/\/www.giurgiuveanul.ro\/stiri\/wp-json\/wp\/v2\/comments?post=54438"}],"version-history":[{"count":0,"href":"https:\/\/www.giurgiuveanul.ro\/stiri\/wp-json\/wp\/v2\/posts\/54438\/revisions"}],"wp:attachment":[{"href":"https:\/\/www.giurgiuveanul.ro\/stiri\/wp-json\/wp\/v2\/media?parent=54438"}],"wp:term":[{"taxonomy":"category","embeddable":true,"href":"https:\/\/www.giurgiuveanul.ro\/stiri\/wp-json\/wp\/v2\/categories?post=54438"},{"taxonomy":"post_tag","embeddable":true,"href":"https:\/\/www.giurgiuveanul.ro\/stiri\/wp-json\/wp\/v2\/tags?post=54438"}],"curies":[{"name":"wp","href":"https:\/\/api.w.org\/{rel}","templated":true}]}}