{"id":54449,"date":"2018-08-07T10:28:13","date_gmt":"2018-08-07T07:28:13","guid":{"rendered":"https:\/\/www.giurgiuveanul.ro\/stiri\/?p=54449"},"modified":"2018-08-07T10:28:13","modified_gmt":"2018-08-07T07:28:13","slug":"stiri-in-nestire","status":"publish","type":"post","link":"https:\/\/www.giurgiuveanul.ro\/stiri\/stiri-in-nestire\/","title":{"rendered":"\u015etiri\u2026 \u00een ne\u015ftire"},"content":{"rendered":"<p style=\"text-align: center;\"><strong><a href=\"https:\/\/www.giurgiuveanul.ro\/stiri\/wp-content\/uploads\/2018\/08\/Neintitulat.jpg\"><img loading=\"lazy\" decoding=\"async\" class=\"aligncenter size-large wp-image-54450\" src=\"https:\/\/www.giurgiuveanul.ro\/stiri\/wp-content\/uploads\/2018\/08\/Neintitulat-560x410.jpg\" alt=\"Neintitulat\" width=\"560\" height=\"410\" srcset=\"https:\/\/www.giurgiuveanul.ro\/stiri\/wp-content\/uploads\/2018\/08\/Neintitulat-560x410.jpg 560w, https:\/\/www.giurgiuveanul.ro\/stiri\/wp-content\/uploads\/2018\/08\/Neintitulat-250x183.jpg 250w, https:\/\/www.giurgiuveanul.ro\/stiri\/wp-content\/uploads\/2018\/08\/Neintitulat-400x293.jpg 400w, https:\/\/www.giurgiuveanul.ro\/stiri\/wp-content\/uploads\/2018\/08\/Neintitulat.jpg 800w\" sizes=\"auto, (max-width: 560px) 100vw, 560px\" \/><\/a>O nou\u0103 maladie<\/strong><!--more--><\/p>\n<p style=\"text-align: justify;\"><strong><span style=\"text-decoration: underline;\">DIC\u0162IONAR: <\/span><\/strong><strong>MALADIE<\/strong><strong>\u00a0<\/strong><strong>s.\u00a0<em>(MED.)<\/em>\u00a0afec\u021biune, boal\u0103, (rar) r\u0103u, suferin\u021b\u0103, (livr.) morb, (pop.) bete\u0219ug, patim\u0103, v\u0103t\u0103mare, (\u00eenv.\u00a0\u0219i\u00a0reg.) neputin\u021b\u0103, (reg.) betegie, betejeal\u0103, (\u00eenv.) l\u00eencezime, l\u00eengejune, lingoare, morbiciune, p\u0103timire.\u00a0<em>(Are o ~ ascuns\u0103.)<\/em><\/strong><\/p>\n<p style=\"text-align: justify;\"><strong>PANDEM\u00cdE<\/strong><strong>\u00a0<\/strong><strong><em>s.f.<\/em><\/strong><strong>\u00a0<\/strong><strong>Boal\u0103 care atac\u0103 aproape<\/strong><strong>\u00a0toat\u0103 popula\u0163ia\u00a0unei regiuni, a unei \u0163\u0103ri\u00a0etc. [Gen.<em>-iei<\/em>. \/ &lt; fr.\u00a0<em>pand\u00e9mie<\/em>, cf. gr.\u00a0<em>pan<\/em>\u00a0\u2013 tot,\u00a0<em>demos<\/em>\u00a0\u2013 popor].<\/strong><\/p>\n<p style=\"text-align: justify;\"><strong>FOAMEA\u00a0 &#8211;\u00a0 senza\u0163ia nepl\u0103cut\u0103 produs\u0103 de lipsa hranei. Exist\u0103 o FOAMEA de BANI, Sunt popoare la care exist\u0103 o FOAME de MUNC\u0102.<\/strong><\/p>\n<p style=\"text-align: justify;\"><strong>De c\u00e2nd cu telefonul mobil, ba \u015fi cu telefonul \u2026inteligent, cu tableta, cu calculatorul , cu leptopul a ap\u0103rut\u00a0 FOAMEA DE \u015eTIRI<\/strong><\/p>\n<p style=\"text-align: justify;\"><strong>Am dat sensul de dic\u0163ionar al acestor c\u00e2teva cuvinte care, dup\u0103 p\u0103rerea noastr\u0103, au \u00a0ceva leg\u0103tur\u0103 cu modul \u00een care \u00eencerc\u0103m s\u0103 aducem \u00een discu\u0163ie o problem de actualitate.\u00a0 <\/strong><\/p>\n<p style=\"text-align: justify;\"><strong>*\u015etiri interne, externe, online, pe surse, mondene, cancan, nout\u0103\u0163i, ale zilei, de ultim\u0103 or\u0103, cele mai noi \u015ftiri, \u00een direct, locale, agricole, din trafic, din sport, din lumea\u2026,dup<\/strong><strong>\u0103-amiezii, matinale, BULETIN DE\u00a0 \u015eIIRI<\/strong><\/p>\n<p style=\"text-align: justify;\"><strong>*MASS-M\u00c9DIA<\/strong><strong>\u00a0<\/strong><strong>s. f.\u00a0Termen care desemneaz\u0103 ansamblul mijloacelor \u0219i modalit\u0103\u021bilor tehnice moderne de informare \u0219i influen\u021bare a opiniei publice, cuprinz\u00e2nd radioul, televiziunea, presa, internetul etc.; mijloace de comunicare \u00een mas\u0103. [Pr.:\u00a0<em>-di-a<\/em>] \u2013\u00a0Cuv.\u00a0engl.<\/strong><\/p>\n<p style=\"text-align: justify;\"><strong>*Este greu de spus dac\u0103 aceast\u0103 explozie informa\u0163ional\u0103 a ap\u0103rut drept consecin\u0163\u0103 a nevoii, a foamei de \u015ftiri a omului, sau, dac\u0103 , nu cumva, radioul, televizorul, tableta, telefonul \u2026cu de toate incorporate \u00een el nu au ap\u0103rut tocmai pentru a potoli aceast\u0103 foame de \u015ftiri!<\/strong><\/p>\n<p style=\"text-align: justify;\">*<strong>Paradox sau reac\u0163ie adevers\u0103. Dac\u0103 p\u00e2n\u0103 acum oamenii satului se adunau la hor\u0103, pe marginea \u015fan\u0163ului, la col\u0163 de uli\u0163\u0103, la fier\u0103ria din sat,\u00a0 \u00eentr-un cuv\u00e2nt socializau, acum oamenii, mai ales tineretul \u015fcolar, se izoleaz\u0103 \u00eentr-o lume virtual\u0103, necunoscut\u0103 p\u00e2n\u0103 \u00een urm\u0103 cu 30-40 de ani!<\/strong><\/p>\n<p style=\"text-align: justify;\"><strong>*Cred c\u0103 avem peste 20 de televiziuni care transmit \u015ftiri. \u015ei peste optzeci de canale care transmit tot timpul.<\/strong><\/p>\n<p style=\"text-align: justify;\">*<strong>Fenomenul nu este doar la noi.\u00a0 \u00cen anul 1980, un american, proprietar media, <\/strong><a href=\"https:\/\/en.wikipedia.org\/wiki\/Ted_Turner\"><strong>Ted Turner<\/strong><\/a><strong>, a avut ideea cre\u0103rii unui post exclusiv de \u015ftirii, Cable News Network\u00a0(CNN) , care s\u0103 transmit\u0103 24 de ore ne\u00eentrerupt \u015ftiri!<\/strong><\/p>\n<p style=\"text-align: justify;\"><strong>*A ap\u0103rut \u015fi un cuv\u00e2nt specializat: \u015ftirist! \u015ei o armat\u0103 de reporteri care urm\u0103resc , \u015fi uneori chiar reu\u015fesc, s\u0103 surptind\u0103 \u015fi s\u0103 transmit \u00een direct evenimente surprinz\u0103toare, ie\u015fite din comun! De\u015fi mai totdeauna exist\u0103 avertizarea <em>:- v\u0103 atragem aten\u0163ia c\u0103 \u015ftirile vor avea un puternic impact emo\u0163ional<\/em> , se insist\u0103. Obsesiv, se reiau de c\u0103tre toate televiziunile zile \u00een \u015fir! <\/strong><\/p>\n<p style=\"text-align: justify;\"><strong>*Mai nou: evenimente de familie precum nunta, moartee, botezul,spitaliz\u0103rile, \u00eenmorm\u00e2nt\u0103rile, omor\u00e2rea porcilor infecta\u0163i de pest\u0103 porcin\u0103, \u00eempu\u015fcarea mistre\u0163ilor\u00a0 vinova\u0163i de r\u0103sp\u00e2ndirea virusului criminal, alergarea or\u0103t\u0103niilor prin cur\u0163ile \u0163\u0103r\u0103ne\u015fti, vinovate bietele c\u0103 au contractat grip\u0103 aviar\u0103, au devenit spectacole\u00a0 de televiziune.<\/strong><\/p>\n<p style=\"text-align: justify;\"><strong>*E bine ? E r\u0103u? Nu \u015ftiu! Te-ntrebi uluit: -C\u00e2nd nu era televiziune cum se proceda? Asemenea epidemii au fost\u00a0 \u015fi \u00eenainte? Tot la fel, hingheri de ocazie luau porcii din cur\u0163ile oamenilor \u00een \u0163ip\u0103tul disperat al gospodinelor c\u0103rora li se ia porcul din b\u0103t\u0103tur\u0103 crescut cu mult\u0103 trud\u0103 \u015fi speran\u0163\u0103?<\/strong><\/p>\n<p style=\"text-align: justify;\"><strong>* Aflu cu uimire c\u0103, nu \u015ftiu la ce ferm\u0103, analize f\u0103cute ulterior au dovedit c\u0103 porcii erau s\u0103n\u0103to\u015fi!!! Malpraxis? Incompeten\u0163\u0103? Exces de zel? Minciun\u0103? R\u0103zboi economic? Diversiune?<\/strong><\/p>\n<p style=\"text-align: justify;\"><strong>* \u015ei, pentru ca toate astea s\u0103 fie\u00a0 l\u0103murite !, au ap\u0103rut comentatorii, cei care, cred ei, fac rating! Cuv\u00e2nt cu sensul de evaluare, apreciere, estimare a audien\u0163ei tv, a b\u0103ncilor, de \u0163ar\u0103 etc. Ace\u015ftia, comentatorii, sunt de fapt purt\u0103torii de cuv\u00e2nt ai celor care \u00eei pl\u0103tesc \u015fi nu, cum ar fi normal, ai adev\u0103rului. Ei sunt permanen\u0163e cunoscute! Aceia\u015fi ,sear\u0103 de sear\u0103, ba uneori, la dou\u0103 televiziuni \u00een acela\u015fi timp.<\/strong><\/p>\n<p style=\"text-align: justify;\"><strong>*Este suficient s\u0103 ascul\u0163i o \u015ftire\u00a0 ca s\u0103-\u0163i dai seama la ce post tv se transmite, dup\u0103 cum este suficient s\u0103 vorbe\u015fti cu cineva ca s\u0103 \u015ftii cam ce post tv ascult\u0103. Paradoxal, to\u0163i pretind c\u0103 sus\u0163in adev\u0103rul! <\/strong><\/p>\n<p style=\"text-align: justify;\"><strong>*Surprinz\u0103tor, auzi pe c\u00e2te unul, din sfera politic\u0103 mai ales, <em>s-a-n\u0163eles gre\u015fit din lips\u0103 de comunicare!<\/em><\/strong><\/p>\n<p><strong><em>\u00a0<\/em><\/strong><\/p>\n<p style=\"text-align: center;\"><strong><em>Gh.C.Br.<\/em><\/strong><\/p>\n","protected":false},"excerpt":{"rendered":"<p>O nou\u0103 maladie<\/p>\n","protected":false},"author":1,"featured_media":0,"comment_status":"open","ping_status":"open","sticky":false,"template":"","format":"standard","meta":{"footnotes":""},"categories":[21],"tags":[],"class_list":["post-54449","post","type-post","status-publish","format-standard","hentry","category-opinia-mea"],"_links":{"self":[{"href":"https:\/\/www.giurgiuveanul.ro\/stiri\/wp-json\/wp\/v2\/posts\/54449","targetHints":{"allow":["GET"]}}],"collection":[{"href":"https:\/\/www.giurgiuveanul.ro\/stiri\/wp-json\/wp\/v2\/posts"}],"about":[{"href":"https:\/\/www.giurgiuveanul.ro\/stiri\/wp-json\/wp\/v2\/types\/post"}],"author":[{"embeddable":true,"href":"https:\/\/www.giurgiuveanul.ro\/stiri\/wp-json\/wp\/v2\/users\/1"}],"replies":[{"embeddable":true,"href":"https:\/\/www.giurgiuveanul.ro\/stiri\/wp-json\/wp\/v2\/comments?post=54449"}],"version-history":[{"count":0,"href":"https:\/\/www.giurgiuveanul.ro\/stiri\/wp-json\/wp\/v2\/posts\/54449\/revisions"}],"wp:attachment":[{"href":"https:\/\/www.giurgiuveanul.ro\/stiri\/wp-json\/wp\/v2\/media?parent=54449"}],"wp:term":[{"taxonomy":"category","embeddable":true,"href":"https:\/\/www.giurgiuveanul.ro\/stiri\/wp-json\/wp\/v2\/categories?post=54449"},{"taxonomy":"post_tag","embeddable":true,"href":"https:\/\/www.giurgiuveanul.ro\/stiri\/wp-json\/wp\/v2\/tags?post=54449"}],"curies":[{"name":"wp","href":"https:\/\/api.w.org\/{rel}","templated":true}]}}