{"id":54626,"date":"2018-08-15T09:33:38","date_gmt":"2018-08-15T06:33:38","guid":{"rendered":"https:\/\/www.giurgiuveanul.ro\/stiri\/?p=54626"},"modified":"2018-08-15T09:33:38","modified_gmt":"2018-08-15T06:33:38","slug":"primarul-de-singureni-marian-patuleanu-mesaj-pentru-presedintele-consiliului-judetean-giurgiu-marian-mina","status":"publish","type":"post","link":"https:\/\/www.giurgiuveanul.ro\/stiri\/primarul-de-singureni-marian-patuleanu-mesaj-pentru-presedintele-consiliului-judetean-giurgiu-marian-mina\/","title":{"rendered":"Primarul de Singureni, Marian P\u0103tuleanu, mesaj pentru pre\u015fedintele Consiliului Jude\u0163ean Giurgiu, Marian Mina!"},"content":{"rendered":"<p style=\"text-align: justify;\"><a href=\"https:\/\/www.giurgiuveanul.ro\/stiri\/wp-content\/uploads\/2018\/08\/s3-811x500.jpg\"><img loading=\"lazy\" decoding=\"async\" class=\"aligncenter size-large wp-image-54627\" src=\"https:\/\/www.giurgiuveanul.ro\/stiri\/wp-content\/uploads\/2018\/08\/s3-811x500-479x450.jpg\" alt=\"s3-811x500\" width=\"479\" height=\"450\" srcset=\"https:\/\/www.giurgiuveanul.ro\/stiri\/wp-content\/uploads\/2018\/08\/s3-811x500-479x450.jpg 479w, https:\/\/www.giurgiuveanul.ro\/stiri\/wp-content\/uploads\/2018\/08\/s3-811x500-250x235.jpg 250w, https:\/\/www.giurgiuveanul.ro\/stiri\/wp-content\/uploads\/2018\/08\/s3-811x500-400x375.jpg 400w, https:\/\/www.giurgiuveanul.ro\/stiri\/wp-content\/uploads\/2018\/08\/s3-811x500.jpg 700w\" sizes=\"auto, (max-width: 479px) 100vw, 479px\" \/><\/a><strong>&#8222;Ast\u0103zi, <!--more-->la aniversarea zilei dumneavoastr\u0103 onomastice, v\u0103 doresc, domnule pre\u015fedinte Marian Mina, mult curaj \u015fi r\u0103bdare pentru a v\u0103 putea \u00eemplini visurile, s\u0103n\u0103tate \u015fi via\u0163\u0103 lung\u0103 pentru a v\u0103 putea bucura de succes. V\u0103 doresc mult\u0103 s\u0103n\u0103tate, fericire \u015fi s\u0103 v\u0103 bucura\u0163i \u00een continuare de cele mai frumoase realiz\u0103ri personale \u015fi profesionale, al\u0103turi de familie, prieteni \u015fi colaboratori. La Mul\u0163i Ani, domnule pre\u015fedinte Marian Mina!\u201d<\/strong><\/p>\n<p style=\"text-align: justify;\">Totodat\u0103, primarul de Singureni a \u0163inut s\u0103 transmit\u0103 \u201eLa Mul\u0163i Ani\u201d tuturor celor care poart\u0103 numele Sfintei Fecioare Maria. <em>\u201eS\u0103 ave\u021bi parte numai de clipe minunate, bucurii, \u00eempliniri \u0219i fericire al\u0103turi de familie \u0219i de cei dragi. La mul\u0163i \u015fi ferici\u0163i ani!\u201d<\/em><\/p>\n<p style=\"text-align: justify;\">\u015ei din partea redac\u0163iei Giurgiuveanul, pentru domnul pre\u015fedinte Marian Mina, domnul primar Marian P\u0103tuleanu, \u015fi tuturor celor care v\u0103 serba\u0163i, ast\u0103zi, onomastica un c\u0103lduros &#8216;La Mul\u0163i Ani!&#8221;<\/p>\n","protected":false},"excerpt":{"rendered":"<p>&#8222;Ast\u0103zi,<\/p>\n","protected":false},"author":1,"featured_media":0,"comment_status":"open","ping_status":"open","sticky":false,"template":"","format":"standard","meta":{"footnotes":""},"categories":[16],"tags":[],"class_list":["post-54626","post","type-post","status-publish","format-standard","hentry","category-astazi-e-ziua-ta"],"_links":{"self":[{"href":"https:\/\/www.giurgiuveanul.ro\/stiri\/wp-json\/wp\/v2\/posts\/54626","targetHints":{"allow":["GET"]}}],"collection":[{"href":"https:\/\/www.giurgiuveanul.ro\/stiri\/wp-json\/wp\/v2\/posts"}],"about":[{"href":"https:\/\/www.giurgiuveanul.ro\/stiri\/wp-json\/wp\/v2\/types\/post"}],"author":[{"embeddable":true,"href":"https:\/\/www.giurgiuveanul.ro\/stiri\/wp-json\/wp\/v2\/users\/1"}],"replies":[{"embeddable":true,"href":"https:\/\/www.giurgiuveanul.ro\/stiri\/wp-json\/wp\/v2\/comments?post=54626"}],"version-history":[{"count":0,"href":"https:\/\/www.giurgiuveanul.ro\/stiri\/wp-json\/wp\/v2\/posts\/54626\/revisions"}],"wp:attachment":[{"href":"https:\/\/www.giurgiuveanul.ro\/stiri\/wp-json\/wp\/v2\/media?parent=54626"}],"wp:term":[{"taxonomy":"category","embeddable":true,"href":"https:\/\/www.giurgiuveanul.ro\/stiri\/wp-json\/wp\/v2\/categories?post=54626"},{"taxonomy":"post_tag","embeddable":true,"href":"https:\/\/www.giurgiuveanul.ro\/stiri\/wp-json\/wp\/v2\/tags?post=54626"}],"curies":[{"name":"wp","href":"https:\/\/api.w.org\/{rel}","templated":true}]}}