{"id":54831,"date":"2018-08-27T08:47:40","date_gmt":"2018-08-27T05:47:40","guid":{"rendered":"https:\/\/www.giurgiuveanul.ro\/stiri\/?p=54831"},"modified":"2018-08-27T08:47:40","modified_gmt":"2018-08-27T05:47:40","slug":"trei-giurgiuveni-au-furat-trei-magari","status":"publish","type":"post","link":"https:\/\/www.giurgiuveanul.ro\/stiri\/trei-giurgiuveni-au-furat-trei-magari\/","title":{"rendered":"Trei giurgiuveni au furat trei m\u0103gari!"},"content":{"rendered":"<p style=\"text-align: justify;\"><a href=\"https:\/\/www.giurgiuveanul.ro\/stiri\/wp-content\/uploads\/2018\/08\/magari.jpg\"><img loading=\"lazy\" decoding=\"async\" class=\"aligncenter size-large wp-image-54832\" src=\"https:\/\/www.giurgiuveanul.ro\/stiri\/wp-content\/uploads\/2018\/08\/magari-560x420.jpg\" alt=\"magari\" width=\"560\" height=\"420\" srcset=\"https:\/\/www.giurgiuveanul.ro\/stiri\/wp-content\/uploads\/2018\/08\/magari-560x420.jpg 560w, https:\/\/www.giurgiuveanul.ro\/stiri\/wp-content\/uploads\/2018\/08\/magari-250x188.jpg 250w, https:\/\/www.giurgiuveanul.ro\/stiri\/wp-content\/uploads\/2018\/08\/magari-400x300.jpg 400w, https:\/\/www.giurgiuveanul.ro\/stiri\/wp-content\/uploads\/2018\/08\/magari.jpg 1024w\" sizes=\"auto, (max-width: 560px) 100vw, 560px\" \/><\/a>Trei b\u0103rba\u021bi <!--more-->sunt cerceta\u021bi de poli\u021bi\u0219ti pentru furt calificat dup\u0103 ce au sustras trei m\u0103gari de la doi cet\u0103\u021beni din localit\u0103\u021bile Daia \u0219i B\u0103neasa, jude\u021bul Giurgiu, \u0219i i-au comercializat ulterior pe raza altei comune giurgiuvene.<\/p>\n<p style=\"text-align: justify;\">S\u00e2mb\u0103t\u0103, 25 august a.c., la ora 07.30, poli\u021bi\u0219tii I.P.J. Giurgiu au fost sesiza\u021bi prin Sistemul Na\u021bional Unic pentru Apeluri de Urgen\u021b\u0103 112, de o persoan\u0103 din municipiul Giurgiu, jude\u021bul Giurgiu, c\u0103 persoane necunoscute au p\u0103truns, \u00een noaptea de 24 \/ 25.08.2018, \u00een curtea locuin\u021bei mamei sale, din comuna Daia, jude\u021bul Giurgiu, de unde au sustras un m\u0103gar.<\/p>\n<p style=\"text-align: justify;\">Tot la data de 25.08.2018, \u00een jurul orei 08.30, poli\u021bi\u0219tii Sec\u021biei nr. 7 de Poli\u021bie Rural\u0103 B\u0103neasa, au fost sesiza\u021bi direct, de un b\u0103rbat din comuna B\u0103neasa, cu privire la faptul c\u0103, \u00een aceea\u0219i noapte, persoane necunoscute au p\u0103truns \u00een curtea locuin\u021bei sale \u0219i i-au au sustras doi m\u0103gari.<\/p>\n<p style=\"text-align: justify;\">\u00cen urma cercet\u0103rilor \u0219i verific\u0103rilor efectuate de poli\u021bi\u0219ti, \u00een scurt timp, s-a reu\u0219it identificarea a trei b\u0103rba\u021bi, cu v\u00e2rste cuprinse \u00eentre 16 \u0219i 47 de ani, din comuna Daia, jude\u021bul Giurgiu, care \u00een noaptea de 24\/25.08.2018 au sustras cele trei animale \u0219i ulterior le-au valorificat la doi cet\u0103\u021beni din comuna Slobozia, jude\u021bul Giurgiu, contra sumei de 300 lei.<\/p>\n<p style=\"text-align: justify;\">Cele trei animale, \u00een valoare de aproximativ 1.500 lei, au fost predate persoanelor v\u0103t\u0103mate, prejudiciul fiind recuperat \u00een totalitate.<\/p>\n<p style=\"text-align: justify;\">\u00cen cauz\u0103 s-au \u00eentocmit dosare penale \u00een care se efectueaz\u0103 cercet\u0103ri sub aspectul s\u0103v\u00e2r\u0219irii infrac\u021biunii de furt calificat, urm\u00e2nd ca la finalizare s\u0103 fie \u00eenaintate la Parchetul de pe l\u00e2ng\u0103 Judec\u0103toria Giurgiu, cu propunere legal\u0103.<\/p>\n","protected":false},"excerpt":{"rendered":"<p>Trei b\u0103rba\u021bi<\/p>\n","protected":false},"author":1,"featured_media":0,"comment_status":"open","ping_status":"open","sticky":false,"template":"","format":"standard","meta":{"footnotes":""},"categories":[6],"tags":[],"class_list":["post-54831","post","type-post","status-publish","format-standard","hentry","category-breaking-news"],"_links":{"self":[{"href":"https:\/\/www.giurgiuveanul.ro\/stiri\/wp-json\/wp\/v2\/posts\/54831","targetHints":{"allow":["GET"]}}],"collection":[{"href":"https:\/\/www.giurgiuveanul.ro\/stiri\/wp-json\/wp\/v2\/posts"}],"about":[{"href":"https:\/\/www.giurgiuveanul.ro\/stiri\/wp-json\/wp\/v2\/types\/post"}],"author":[{"embeddable":true,"href":"https:\/\/www.giurgiuveanul.ro\/stiri\/wp-json\/wp\/v2\/users\/1"}],"replies":[{"embeddable":true,"href":"https:\/\/www.giurgiuveanul.ro\/stiri\/wp-json\/wp\/v2\/comments?post=54831"}],"version-history":[{"count":0,"href":"https:\/\/www.giurgiuveanul.ro\/stiri\/wp-json\/wp\/v2\/posts\/54831\/revisions"}],"wp:attachment":[{"href":"https:\/\/www.giurgiuveanul.ro\/stiri\/wp-json\/wp\/v2\/media?parent=54831"}],"wp:term":[{"taxonomy":"category","embeddable":true,"href":"https:\/\/www.giurgiuveanul.ro\/stiri\/wp-json\/wp\/v2\/categories?post=54831"},{"taxonomy":"post_tag","embeddable":true,"href":"https:\/\/www.giurgiuveanul.ro\/stiri\/wp-json\/wp\/v2\/tags?post=54831"}],"curies":[{"name":"wp","href":"https:\/\/api.w.org\/{rel}","templated":true}]}}