{"id":54883,"date":"2018-08-30T09:42:51","date_gmt":"2018-08-30T06:42:51","guid":{"rendered":"https:\/\/www.giurgiuveanul.ro\/stiri\/?p=54883"},"modified":"2018-08-30T09:58:43","modified_gmt":"2018-08-30T06:58:43","slug":"la-multi-ani-alexandra-alexandru","status":"publish","type":"post","link":"https:\/\/www.giurgiuveanul.ro\/stiri\/la-multi-ani-alexandra-alexandru\/","title":{"rendered":"&#8222;La Mul\u0163i Ani&#8221;, Alexandra, Alexandru!"},"content":{"rendered":"<p style=\"text-align: justify;\"><strong><a href=\"https:\/\/www.giurgiuveanul.ro\/stiri\/wp-content\/uploads\/2018\/08\/sf_alexandru-1.png\"><img loading=\"lazy\" decoding=\"async\" class=\"aligncenter size-large wp-image-54884\" src=\"https:\/\/www.giurgiuveanul.ro\/stiri\/wp-content\/uploads\/2018\/08\/sf_alexandru-1-324x450.png\" alt=\"sf_alexandru (1)\" width=\"324\" height=\"450\" srcset=\"https:\/\/www.giurgiuveanul.ro\/stiri\/wp-content\/uploads\/2018\/08\/sf_alexandru-1-324x450.png 324w, https:\/\/www.giurgiuveanul.ro\/stiri\/wp-content\/uploads\/2018\/08\/sf_alexandru-1-216x300.png 216w, https:\/\/www.giurgiuveanul.ro\/stiri\/wp-content\/uploads\/2018\/08\/sf_alexandru-1-400x555.png 400w, https:\/\/www.giurgiuveanul.ro\/stiri\/wp-content\/uploads\/2018\/08\/sf_alexandru-1.png 480w\" sizes=\"auto, (max-width: 324px) 100vw, 324px\" \/><\/a>Cre\u015ftinii ortodoc\u015fi \u00eel s\u0103rb\u0103toresc ast\u0103zi, 30 august, pe Sf\u00e2ntul Alexandru, \u201dprotectorul omenirii\u201d. Despre<!--more--> Sf\u00e2ntul Alexandru, se crede c\u0103 s-a n\u0103scut \u00eentre 237 \u015fi 244.<\/strong><\/p>\n<p style=\"text-align: justify;\">A fost ales vicar pentru a-l asista pe Mitrofan, care era episcop al Bizan\u0163ului \u00een primele decade ale secolului al IV-lea \u015fi care era foarte b\u0103tr\u00e2n \u00een vremea Sinodului de la Niceea. Era de origine modest\u0103 \u015fi lipsit de \u015ftiin\u0163a c\u0103r\u0163ilor, dar a fost recomandat de virtu\u0163ile sale. Hirotonirea lui Alexandru ca vicar a avut loc, probabil, \u00eentre 313 \u015fi 314, c\u00e2nd Alexandru avea 72 de ani.<\/p>\n<p style=\"text-align: justify;\">Unii au spus chiar ca sf\u00e2ntul Alexandru ar fi f\u0103cut mai multe c\u0103l\u0103torii apostolice \u00een Tracia, Macedonia, Tesalia \u015fi \u00een insulele grece\u015fti pentru a predica credin\u0163a Sinodului ortodox de la Niceea.<\/p>\n<p style=\"text-align: justify;\">Numele <strong>Alexandru<\/strong> este de origine greac\u0103 \u015fi \u00eenseamn\u0103 a ap\u0103ra, a proteja.<\/p>\n<p style=\"text-align: justify;\">Alexandros (\u00een limba greac\u0103) \u00eenseamna protector al b\u0103rba\u0163ilor sau al oamenilor. Este un nume vechi, fiind atestat \u00eenc\u0103 din a doua jum\u0103tate a secolului 7 \u00ce.Hr, \u00een \u201cIliada\u201d, ca un alt nume al lui Paris, fiul lui Priam, regele Troiei, \u00een timpul r\u0103zboiulului troian.<\/p>\n<p style=\"text-align: justify;\">\u00cen istorie, numele a fost purtat de personalit\u0103\u0163i puternice, iar \u00een \u0163ar\u0103 acesta se reg\u0103se\u015fte la 22 de domni ai celor doua \u0163\u0103ri rom\u00e2ne\u015fti.<\/p>\n<p style=\"text-align: justify;\"><strong>Tuturor celor\u00a0care poart\u0103 numele de Alexandru, Alexandra,\u00a0<\/strong>inclusiv numele derivate: <strong>Alecu, Lexi, Lixandru, Lixandra, Lisandru, Lisandra, Sandru, Sandra, Alexandrin, Alexandrina, Sandrina, Sandu, Sanda, Sandel, Sanducu, Ducu, Dutu, Sa\u015fa, Alessandra,\u00a0<\/strong>un sincer<strong> &#8222;La Mul\u0163i Ani&#8221;!<\/strong><\/p>\n","protected":false},"excerpt":{"rendered":"<p>Cre\u015ftinii ortodoc\u015fi \u00eel s\u0103rb\u0103toresc ast\u0103zi, 30 august, pe Sf\u00e2ntul Alexandru, \u201dprotectorul omenirii\u201d. Despre<\/p>\n","protected":false},"author":1,"featured_media":0,"comment_status":"open","ping_status":"open","sticky":false,"template":"","format":"standard","meta":{"footnotes":""},"categories":[16],"tags":[],"class_list":["post-54883","post","type-post","status-publish","format-standard","hentry","category-astazi-e-ziua-ta"],"_links":{"self":[{"href":"https:\/\/www.giurgiuveanul.ro\/stiri\/wp-json\/wp\/v2\/posts\/54883","targetHints":{"allow":["GET"]}}],"collection":[{"href":"https:\/\/www.giurgiuveanul.ro\/stiri\/wp-json\/wp\/v2\/posts"}],"about":[{"href":"https:\/\/www.giurgiuveanul.ro\/stiri\/wp-json\/wp\/v2\/types\/post"}],"author":[{"embeddable":true,"href":"https:\/\/www.giurgiuveanul.ro\/stiri\/wp-json\/wp\/v2\/users\/1"}],"replies":[{"embeddable":true,"href":"https:\/\/www.giurgiuveanul.ro\/stiri\/wp-json\/wp\/v2\/comments?post=54883"}],"version-history":[{"count":0,"href":"https:\/\/www.giurgiuveanul.ro\/stiri\/wp-json\/wp\/v2\/posts\/54883\/revisions"}],"wp:attachment":[{"href":"https:\/\/www.giurgiuveanul.ro\/stiri\/wp-json\/wp\/v2\/media?parent=54883"}],"wp:term":[{"taxonomy":"category","embeddable":true,"href":"https:\/\/www.giurgiuveanul.ro\/stiri\/wp-json\/wp\/v2\/categories?post=54883"},{"taxonomy":"post_tag","embeddable":true,"href":"https:\/\/www.giurgiuveanul.ro\/stiri\/wp-json\/wp\/v2\/tags?post=54883"}],"curies":[{"name":"wp","href":"https:\/\/api.w.org\/{rel}","templated":true}]}}