{"id":550,"date":"2012-11-13T08:23:44","date_gmt":"2012-11-13T06:23:44","guid":{"rendered":"https:\/\/www.giurgiuveanul.ro\/stiri\/?p=550"},"modified":"2012-11-13T08:25:14","modified_gmt":"2012-11-13T06:25:14","slug":"la-multi-ani-domnule-primar-nicolae-barbu","status":"publish","type":"post","link":"https:\/\/www.giurgiuveanul.ro\/stiri\/la-multi-ani-domnule-primar-nicolae-barbu\/","title":{"rendered":"La mul\u021bi ani, domnule primar Nicolae Barbu!"},"content":{"rendered":"<p style=\"text-align: justify;\"><strong><a href=\"https:\/\/www.giurgiuveanul.ro\/stiri\/wp-content\/uploads\/2012\/11\/Nicolae-Barbu-site.jpg\"><img loading=\"lazy\" decoding=\"async\" class=\"aligncenter size-large wp-image-551\" title=\"Nicolae Barbu site\" src=\"https:\/\/www.giurgiuveanul.ro\/stiri\/wp-content\/uploads\/2012\/11\/Nicolae-Barbu-site-560x338.jpg\" alt=\"\" width=\"560\" height=\"338\" srcset=\"https:\/\/www.giurgiuveanul.ro\/stiri\/wp-content\/uploads\/2012\/11\/Nicolae-Barbu-site-560x338.jpg 560w, https:\/\/www.giurgiuveanul.ro\/stiri\/wp-content\/uploads\/2012\/11\/Nicolae-Barbu-site-250x150.jpg 250w, https:\/\/www.giurgiuveanul.ro\/stiri\/wp-content\/uploads\/2012\/11\/Nicolae-Barbu-site.jpg 800w\" sizes=\"auto, (max-width: 560px) 100vw, 560px\" \/><\/a><\/strong><\/p>\n<p style=\"text-align: justify;\"><strong>S\u0103rb\u0103toare mare ast\u0103zi la Prim\u0103ria Giurgiu. Edilul \u015fef e marele s\u0103rb\u0103torit iar prietenii, subalternii \u015fi cet\u0103\u0163enii de r\u00e2nd se preg\u0103tesc s\u0103 \u00eei transmit\u0103 cele mai sincere ur\u0103ri. Aflat la primul mandat de primar \u00een fruntea municipiului Giurgiu, Nicolae Barbu a promis c\u0103 se va implica activ \u00een via\u0163a comunit\u0103\u0163ii \u015fi c\u0103 va elabora proiecte pentru dezvoltarea ora\u015fului, dar \u015fi pentru asigurarea unui trai decent pentru <!--more-->cet\u0103\u0163eni.<\/strong><\/p>\n<p style=\"text-align: justify;\">Cu acest fericit prilej, \u00eei dorim ca toate dorin\u021bele \u0219i a\u0219tept\u0103rile de pe plan personal \u015fi profesional s\u0103 se materializeze. \u00cei dorim primarului Nicolae Barbu s\u0103 r\u0103m\u00e2n\u0103 mereu plin de energie \u015fi bun\u0103voin\u0163\u0103, s\u0103 tr\u0103iasc\u0103 ani \u00eendelunga\u0163i, pace \u00een suflet, optimism \u015fi noi realiz\u0103ri \u00een activitatea sa. La mul\u0163i ani!<\/p>\n","protected":false},"excerpt":{"rendered":"<p>S\u0103rb\u0103toare mare ast\u0103zi la Prim\u0103ria Giurgiu. Edilul \u015fef e marele s\u0103rb\u0103torit iar prietenii, subalternii \u015fi cet\u0103\u0163enii de r\u00e2nd se preg\u0103tesc s\u0103 \u00eei transmit\u0103 cele mai sincere ur\u0103ri. Aflat la primul mandat de primar \u00een fruntea municipiului Giurgiu, Nicolae Barbu a promis c\u0103 se va implica activ \u00een via\u0163a comunit\u0103\u0163ii \u015fi c\u0103 va elabora proiecte pentru [&hellip;]<\/p>\n","protected":false},"author":2,"featured_media":0,"comment_status":"open","ping_status":"open","sticky":false,"template":"","format":"standard","meta":{"footnotes":""},"categories":[16],"tags":[],"class_list":["post-550","post","type-post","status-publish","format-standard","hentry","category-astazi-e-ziua-ta"],"_links":{"self":[{"href":"https:\/\/www.giurgiuveanul.ro\/stiri\/wp-json\/wp\/v2\/posts\/550","targetHints":{"allow":["GET"]}}],"collection":[{"href":"https:\/\/www.giurgiuveanul.ro\/stiri\/wp-json\/wp\/v2\/posts"}],"about":[{"href":"https:\/\/www.giurgiuveanul.ro\/stiri\/wp-json\/wp\/v2\/types\/post"}],"author":[{"embeddable":true,"href":"https:\/\/www.giurgiuveanul.ro\/stiri\/wp-json\/wp\/v2\/users\/2"}],"replies":[{"embeddable":true,"href":"https:\/\/www.giurgiuveanul.ro\/stiri\/wp-json\/wp\/v2\/comments?post=550"}],"version-history":[{"count":0,"href":"https:\/\/www.giurgiuveanul.ro\/stiri\/wp-json\/wp\/v2\/posts\/550\/revisions"}],"wp:attachment":[{"href":"https:\/\/www.giurgiuveanul.ro\/stiri\/wp-json\/wp\/v2\/media?parent=550"}],"wp:term":[{"taxonomy":"category","embeddable":true,"href":"https:\/\/www.giurgiuveanul.ro\/stiri\/wp-json\/wp\/v2\/categories?post=550"},{"taxonomy":"post_tag","embeddable":true,"href":"https:\/\/www.giurgiuveanul.ro\/stiri\/wp-json\/wp\/v2\/tags?post=550"}],"curies":[{"name":"wp","href":"https:\/\/api.w.org\/{rel}","templated":true}]}}