{"id":55178,"date":"2018-09-13T08:29:47","date_gmt":"2018-09-13T05:29:47","guid":{"rendered":"https:\/\/www.giurgiuveanul.ro\/stiri\/?p=55178"},"modified":"2018-09-13T08:29:47","modified_gmt":"2018-09-13T05:29:47","slug":"la-multi-ani-domnule-profesor-ion-dinca","status":"publish","type":"post","link":"https:\/\/www.giurgiuveanul.ro\/stiri\/la-multi-ani-domnule-profesor-ion-dinca\/","title":{"rendered":"La Mul\u0163i Ani, domnule profesor Ion Dinc\u0103!"},"content":{"rendered":"<p style=\"text-align: justify;\"><a href=\"https:\/\/www.giurgiuveanul.ro\/stiri\/wp-content\/uploads\/2018\/09\/reuniune2.jpg\"><img loading=\"lazy\" decoding=\"async\" class=\"aligncenter size-large wp-image-55012\" src=\"https:\/\/www.giurgiuveanul.ro\/stiri\/wp-content\/uploads\/2018\/09\/reuniune2-560x417.jpg\" alt=\"reuniune2\" width=\"560\" height=\"417\" srcset=\"https:\/\/www.giurgiuveanul.ro\/stiri\/wp-content\/uploads\/2018\/09\/reuniune2-560x417.jpg 560w, https:\/\/www.giurgiuveanul.ro\/stiri\/wp-content\/uploads\/2018\/09\/reuniune2-250x186.jpg 250w, https:\/\/www.giurgiuveanul.ro\/stiri\/wp-content\/uploads\/2018\/09\/reuniune2-400x298.jpg 400w, https:\/\/www.giurgiuveanul.ro\/stiri\/wp-content\/uploads\/2018\/09\/reuniune2.jpg 800w\" sizes=\"auto, (max-width: 560px) 100vw, 560px\" \/><\/a>Promo\u0163ia <!--more-->1954, cu 11 clase, a Liceului Ion Maiorescu Giurgiu reaminte\u015fte giurgiuvenilor c\u0103, ast\u0103zi, distinsul profesor ION DINC\u0102, fost mul\u0163i ani director al liceului, \u00eempline\u015fte o frumoas\u0103 v\u00e2rst\u0103- a \u00ceN\u0162ELEPCIUNII.<\/p>\n<p style=\"text-align: justify;\">Pertener de dialog \u00een revederile noastre de promo\u0163ie cu tem\u0103, DOMNUL profesor Dinc\u0103 Ion a fost foarte generos \u00een a ne \u00eemp\u0103rt\u0103\u015fi din experien\u0163a sa de om al \u015fcolii-<\/p>\n<p style=\"text-align: justify;\">\u00cendatora\u0163i, dar \u015fi \u00eendatoritori pentru elevii pe care i-am invitat la dialog \u00eentre genera\u0163ii, \u00eei mul\u0163umim \u015fi \u00eei ur\u0103m<\/p>\n<p style=\"text-align: justify;\"><em>La mul\u0163i ani!<\/em> La mul\u0163i ani! La mul\u0163i ani!<\/p>\n","protected":false},"excerpt":{"rendered":"<p>Promo\u0163ia<\/p>\n","protected":false},"author":1,"featured_media":0,"comment_status":"open","ping_status":"open","sticky":false,"template":"","format":"standard","meta":{"footnotes":""},"categories":[10],"tags":[],"class_list":["post-55178","post","type-post","status-publish","format-standard","hentry","category-la-multi-ani"],"_links":{"self":[{"href":"https:\/\/www.giurgiuveanul.ro\/stiri\/wp-json\/wp\/v2\/posts\/55178","targetHints":{"allow":["GET"]}}],"collection":[{"href":"https:\/\/www.giurgiuveanul.ro\/stiri\/wp-json\/wp\/v2\/posts"}],"about":[{"href":"https:\/\/www.giurgiuveanul.ro\/stiri\/wp-json\/wp\/v2\/types\/post"}],"author":[{"embeddable":true,"href":"https:\/\/www.giurgiuveanul.ro\/stiri\/wp-json\/wp\/v2\/users\/1"}],"replies":[{"embeddable":true,"href":"https:\/\/www.giurgiuveanul.ro\/stiri\/wp-json\/wp\/v2\/comments?post=55178"}],"version-history":[{"count":0,"href":"https:\/\/www.giurgiuveanul.ro\/stiri\/wp-json\/wp\/v2\/posts\/55178\/revisions"}],"wp:attachment":[{"href":"https:\/\/www.giurgiuveanul.ro\/stiri\/wp-json\/wp\/v2\/media?parent=55178"}],"wp:term":[{"taxonomy":"category","embeddable":true,"href":"https:\/\/www.giurgiuveanul.ro\/stiri\/wp-json\/wp\/v2\/categories?post=55178"},{"taxonomy":"post_tag","embeddable":true,"href":"https:\/\/www.giurgiuveanul.ro\/stiri\/wp-json\/wp\/v2\/tags?post=55178"}],"curies":[{"name":"wp","href":"https:\/\/api.w.org\/{rel}","templated":true}]}}