{"id":5536,"date":"2013-06-09T10:33:53","date_gmt":"2013-06-09T07:33:53","guid":{"rendered":"https:\/\/www.giurgiuveanul.ro\/stiri\/?p=5536"},"modified":"2013-06-09T17:01:25","modified_gmt":"2013-06-09T14:01:25","slug":"la-multi-ani-colegului-nostru-george-mihail-secara","status":"publish","type":"post","link":"https:\/\/www.giurgiuveanul.ro\/stiri\/la-multi-ani-colegului-nostru-george-mihail-secara\/","title":{"rendered":"La mul\u0163i ani, colegului nostru George Mihail Secar\u0103!"},"content":{"rendered":"<p><a href=\"https:\/\/www.giurgiuveanul.ro\/stiri\/wp-content\/uploads\/2013\/06\/george2.jpg\"><img loading=\"lazy\" decoding=\"async\" class=\"alignleft size-full wp-image-5542\" alt=\"george\" src=\"https:\/\/www.giurgiuveanul.ro\/stiri\/wp-content\/uploads\/2013\/06\/george2.jpg\" width=\"193\" height=\"230\" \/><\/a>Site-ul GIURGIUVEANUL nu ar fi fost at\u00e2t de atractiv din punct de vedere vizual f\u0103r\u0103 munca specialistului nostru \u00een IT, web-designerul George Mihail Secar\u0103. Colegul nostru \u00ee\u015fi serbeaz\u0103 ast\u0103zi \u00eemplinirea a 27 de ani de via\u0163\u0103.<\/p>\n<p>Drag\u0103 George, \u00een zi aniversar\u0103, cele mai sincere g\u00e2nduri de s\u0103n\u0103tate \u015fi \u00eempliniri, \u201eLa mul\u0163i ani\u201d \u015fi la c\u00e2t mai multe realiz\u0103ri \u00een via\u0163a personal\u0103 \u015fi profesional\u0103 din partea <!--more-->colegilor de la GIURGIUVEANUL.<\/p>\n<p style=\"text-align: justify;\">\n","protected":false},"excerpt":{"rendered":"<p>Site-ul GIURGIUVEANUL nu ar fi fost at\u00e2t de atractiv din punct de vedere vizual f\u0103r\u0103 munca specialistului nostru \u00een IT, web-designerul George Mihail Secar\u0103. Colegul nostru \u00ee\u015fi serbeaz\u0103 ast\u0103zi \u00eemplinirea a 27 de ani de via\u0163\u0103. Drag\u0103 George, \u00een zi aniversar\u0103, cele mai sincere g\u00e2nduri de s\u0103n\u0103tate \u015fi \u00eempliniri, \u201eLa mul\u0163i ani\u201d \u015fi la c\u00e2t [&hellip;]<\/p>\n","protected":false},"author":2,"featured_media":0,"comment_status":"open","ping_status":"open","sticky":false,"template":"","format":"standard","meta":{"footnotes":""},"categories":[16,10],"tags":[],"class_list":["post-5536","post","type-post","status-publish","format-standard","hentry","category-astazi-e-ziua-ta","category-la-multi-ani"],"_links":{"self":[{"href":"https:\/\/www.giurgiuveanul.ro\/stiri\/wp-json\/wp\/v2\/posts\/5536","targetHints":{"allow":["GET"]}}],"collection":[{"href":"https:\/\/www.giurgiuveanul.ro\/stiri\/wp-json\/wp\/v2\/posts"}],"about":[{"href":"https:\/\/www.giurgiuveanul.ro\/stiri\/wp-json\/wp\/v2\/types\/post"}],"author":[{"embeddable":true,"href":"https:\/\/www.giurgiuveanul.ro\/stiri\/wp-json\/wp\/v2\/users\/2"}],"replies":[{"embeddable":true,"href":"https:\/\/www.giurgiuveanul.ro\/stiri\/wp-json\/wp\/v2\/comments?post=5536"}],"version-history":[{"count":0,"href":"https:\/\/www.giurgiuveanul.ro\/stiri\/wp-json\/wp\/v2\/posts\/5536\/revisions"}],"wp:attachment":[{"href":"https:\/\/www.giurgiuveanul.ro\/stiri\/wp-json\/wp\/v2\/media?parent=5536"}],"wp:term":[{"taxonomy":"category","embeddable":true,"href":"https:\/\/www.giurgiuveanul.ro\/stiri\/wp-json\/wp\/v2\/categories?post=5536"},{"taxonomy":"post_tag","embeddable":true,"href":"https:\/\/www.giurgiuveanul.ro\/stiri\/wp-json\/wp\/v2\/tags?post=5536"}],"curies":[{"name":"wp","href":"https:\/\/api.w.org\/{rel}","templated":true}]}}