{"id":55428,"date":"2018-09-29T09:20:06","date_gmt":"2018-09-29T06:20:06","guid":{"rendered":"https:\/\/www.giurgiuveanul.ro\/stiri\/?p=55428"},"modified":"2018-09-29T09:21:40","modified_gmt":"2018-09-29T06:21:40","slug":"astazi-sarbatoare-la-serviciul-judetean-de-ambulanta-giurgiu-la-multi-ani-doamna-director-gabriela-adina-lupu-serban","status":"publish","type":"post","link":"https:\/\/www.giurgiuveanul.ro\/stiri\/astazi-sarbatoare-la-serviciul-judetean-de-ambulanta-giurgiu-la-multi-ani-doamna-director-gabriela-adina-lupu-serban\/","title":{"rendered":"Ast\u0103zi, s\u0103rb\u0103toare la Serviciul Jude\u0163ean de Ambulan\u0163\u0103 Giurgiu! La Mul\u0163i Ani, doamna director Gabriela Adina Lupu \u015eerban!"},"content":{"rendered":"<p style=\"text-align: justify;\"><a href=\"https:\/\/www.giurgiuveanul.ro\/stiri\/wp-content\/uploads\/2018\/09\/42709104_499115843898157_4080430754692071424_n.jpg\"><img loading=\"lazy\" decoding=\"async\" class=\"aligncenter size-large wp-image-55429\" src=\"https:\/\/www.giurgiuveanul.ro\/stiri\/wp-content\/uploads\/2018\/09\/42709104_499115843898157_4080430754692071424_n-349x450.jpg\" alt=\"42709104_499115843898157_4080430754692071424_n\" width=\"349\" height=\"450\" srcset=\"https:\/\/www.giurgiuveanul.ro\/stiri\/wp-content\/uploads\/2018\/09\/42709104_499115843898157_4080430754692071424_n-349x450.jpg 349w, https:\/\/www.giurgiuveanul.ro\/stiri\/wp-content\/uploads\/2018\/09\/42709104_499115843898157_4080430754692071424_n-233x300.jpg 233w, https:\/\/www.giurgiuveanul.ro\/stiri\/wp-content\/uploads\/2018\/09\/42709104_499115843898157_4080430754692071424_n-400x516.jpg 400w, https:\/\/www.giurgiuveanul.ro\/stiri\/wp-content\/uploads\/2018\/09\/42709104_499115843898157_4080430754692071424_n.jpg 1968w\" sizes=\"auto, (max-width: 349px) 100vw, 349px\" \/><\/a>\u00cen<!--more--> agenda anivers\u0103rilor personalit\u0103\u0163ilor giurgiuvene n\u0103scute \u00een septembrie, mai pe la sf\u00e2r\u015fit, data de 29 poart\u0103 numele doamnei <strong>economist Gabriela Adina Lupu \u015eerban<\/strong>,\u00a0director general al Serviciului Jude\u0163ean de Ambulan\u0163\u0103 Giurgiu.<\/p>\n<p style=\"text-align: justify;\"><strong>Colectivul Serviciului Jude\u0163ean de Ambulan\u0163\u0103 Giurgiu<\/strong> <em>v\u0103 transmite sincere felicit\u0103ri cu ocazia zilei de na\u015ftere. Noi v\u0103 dorim un izvor nesecat de s\u0103n\u0103tate, fericire la infinit, succese \u00een tot ce face\u0163i. Fie ca sufletul dumneavostr\u0103 s\u0103 p\u0103streze lumina cald\u0103, care ne bucur\u0103 zilnic. Primi\u021bi petala vie\u021bii ca pe o binecuvintare, ea s\u0103 v\u0103 fie rod al bucuriei \u0219i speran\u021bei! Credin\u021ba \u0219i iubirea s\u0103 v\u0103 \u00eenso\u021beasc\u0103 pretutindeni, iar \u00eemplinirea s\u0103 o \u00eentilni\u021bi la fiecare pas. Steaua ocrotitoare s\u0103 lumineze mereu asupra dumneavostr\u0103 \u0219i a celor dragi! LA MUL\u0162I ANI!<\/em><\/p>\n<p style=\"text-align: justify;\">Ast\u0103zi, la ceas aniversar, <em>\u015fi noi,<\/em> <strong>redac\u0163ia cotidianului \u201eGiurgiuveanul\u201d<\/strong> <em>\u00eei dorim mult\u0103 putere de munc\u0103, spirit viu, aceea\u015fi dorin\u0163\u0103 nem\u0103surat\u0103 de a face bine \u015fi, mai ales, mult\u0103 s\u0103n\u0103tate!<\/em><\/p>\n<p style=\"text-align: justify;\"><em>La Mul\u0163i Ani, doamna director Gabriela Adina Lupu \u015eerban!<\/em><\/p>\n","protected":false},"excerpt":{"rendered":"<p>\u00cen<\/p>\n","protected":false},"author":1,"featured_media":0,"comment_status":"open","ping_status":"open","sticky":false,"template":"","format":"standard","meta":{"footnotes":""},"categories":[16],"tags":[],"class_list":["post-55428","post","type-post","status-publish","format-standard","hentry","category-astazi-e-ziua-ta"],"_links":{"self":[{"href":"https:\/\/www.giurgiuveanul.ro\/stiri\/wp-json\/wp\/v2\/posts\/55428","targetHints":{"allow":["GET"]}}],"collection":[{"href":"https:\/\/www.giurgiuveanul.ro\/stiri\/wp-json\/wp\/v2\/posts"}],"about":[{"href":"https:\/\/www.giurgiuveanul.ro\/stiri\/wp-json\/wp\/v2\/types\/post"}],"author":[{"embeddable":true,"href":"https:\/\/www.giurgiuveanul.ro\/stiri\/wp-json\/wp\/v2\/users\/1"}],"replies":[{"embeddable":true,"href":"https:\/\/www.giurgiuveanul.ro\/stiri\/wp-json\/wp\/v2\/comments?post=55428"}],"version-history":[{"count":0,"href":"https:\/\/www.giurgiuveanul.ro\/stiri\/wp-json\/wp\/v2\/posts\/55428\/revisions"}],"wp:attachment":[{"href":"https:\/\/www.giurgiuveanul.ro\/stiri\/wp-json\/wp\/v2\/media?parent=55428"}],"wp:term":[{"taxonomy":"category","embeddable":true,"href":"https:\/\/www.giurgiuveanul.ro\/stiri\/wp-json\/wp\/v2\/categories?post=55428"},{"taxonomy":"post_tag","embeddable":true,"href":"https:\/\/www.giurgiuveanul.ro\/stiri\/wp-json\/wp\/v2\/tags?post=55428"}],"curies":[{"name":"wp","href":"https:\/\/api.w.org\/{rel}","templated":true}]}}