{"id":55847,"date":"2018-10-17T15:58:20","date_gmt":"2018-10-17T12:58:20","guid":{"rendered":"https:\/\/www.giurgiuveanul.ro\/stiri\/?p=55847"},"modified":"2018-10-17T16:02:55","modified_gmt":"2018-10-17T13:02:55","slug":"la-multi-ani-doamna-vera-nicolae-4","status":"publish","type":"post","link":"https:\/\/www.giurgiuveanul.ro\/stiri\/la-multi-ani-doamna-vera-nicolae-4\/","title":{"rendered":"La Mul\u0163i Ani, doamna Vera Nicolae!"},"content":{"rendered":"<p style=\"text-align: justify;\"><a href=\"https:\/\/www.giurgiuveanul.ro\/stiri\/wp-content\/uploads\/2018\/10\/1013339_1659722937609064_7675271344609200335_n.jpg\"><img loading=\"lazy\" decoding=\"async\" class=\"aligncenter size-large wp-image-55848\" src=\"https:\/\/www.giurgiuveanul.ro\/stiri\/wp-content\/uploads\/2018\/10\/1013339_1659722937609064_7675271344609200335_n-372x450.jpg\" alt=\"1013339_1659722937609064_7675271344609200335_n\" width=\"372\" height=\"450\" srcset=\"https:\/\/www.giurgiuveanul.ro\/stiri\/wp-content\/uploads\/2018\/10\/1013339_1659722937609064_7675271344609200335_n-372x450.jpg 372w, https:\/\/www.giurgiuveanul.ro\/stiri\/wp-content\/uploads\/2018\/10\/1013339_1659722937609064_7675271344609200335_n-248x300.jpg 248w, https:\/\/www.giurgiuveanul.ro\/stiri\/wp-content\/uploads\/2018\/10\/1013339_1659722937609064_7675271344609200335_n-400x484.jpg 400w, https:\/\/www.giurgiuveanul.ro\/stiri\/wp-content\/uploads\/2018\/10\/1013339_1659722937609064_7675271344609200335_n.jpg 661w\" sizes=\"auto, (max-width: 372px) 100vw, 372px\" \/><\/a>Cu ocazia anivers\u0103rii<!--more--> unei v\u00e2rste at\u00e2t de frumoase, ast\u0103zi, \u00eentreg colectivul de la grupul de firme Nova Force, al c\u0103rui director general sunte\u0163i, v\u0103 ureaz\u0103 La Mul\u0163i Ani, s\u0103 ave\u0163i parte de mult\u0103 s\u0103n\u0103tate, lini\u015fte sufleteasc\u0103 \u015fi \u00eempliniri al\u0103turi de cei dragi.<\/p>\n<p style=\"text-align: justify;\">V\u0103 dorim ca optimismul \u015fi proiectele de viitor s\u0103 v\u0103 deschid\u0103 u\u015file din labirintul soartei, iar to\u0163i oamenii buni care au l\u0103sat o umbr\u0103 pe parcursul \u00eentregii vie\u0163i s\u0103 ab\u0103 privilegiul de a se bucura de g\u00eendurile dvs bune.<\/p>\n<p style=\"text-align: justify;\">Fie ca bucuria s\u0103 v\u0103 \u00eenc\u0103lzeasc\u0103 sufletul, fie ca fericirea s\u0103 v\u0103 lumineze calea, fie ca s\u0103n\u0103tatea s\u0103 nu v\u0103 p\u0103r\u0103seasc\u0103 niciodat\u0103 \u015fi s\u0103 v\u0103 duc\u0103 la a o suta aniversare.<\/p>\n<p style=\"text-align: center;\"><em>La Mul\u0163i Ani, doamna Vera Nicolae!<\/em><\/p>\n","protected":false},"excerpt":{"rendered":"<p>Cu ocazia anivers\u0103rii<\/p>\n","protected":false},"author":1,"featured_media":0,"comment_status":"open","ping_status":"open","sticky":false,"template":"","format":"standard","meta":{"footnotes":""},"categories":[16],"tags":[],"class_list":["post-55847","post","type-post","status-publish","format-standard","hentry","category-astazi-e-ziua-ta"],"_links":{"self":[{"href":"https:\/\/www.giurgiuveanul.ro\/stiri\/wp-json\/wp\/v2\/posts\/55847","targetHints":{"allow":["GET"]}}],"collection":[{"href":"https:\/\/www.giurgiuveanul.ro\/stiri\/wp-json\/wp\/v2\/posts"}],"about":[{"href":"https:\/\/www.giurgiuveanul.ro\/stiri\/wp-json\/wp\/v2\/types\/post"}],"author":[{"embeddable":true,"href":"https:\/\/www.giurgiuveanul.ro\/stiri\/wp-json\/wp\/v2\/users\/1"}],"replies":[{"embeddable":true,"href":"https:\/\/www.giurgiuveanul.ro\/stiri\/wp-json\/wp\/v2\/comments?post=55847"}],"version-history":[{"count":0,"href":"https:\/\/www.giurgiuveanul.ro\/stiri\/wp-json\/wp\/v2\/posts\/55847\/revisions"}],"wp:attachment":[{"href":"https:\/\/www.giurgiuveanul.ro\/stiri\/wp-json\/wp\/v2\/media?parent=55847"}],"wp:term":[{"taxonomy":"category","embeddable":true,"href":"https:\/\/www.giurgiuveanul.ro\/stiri\/wp-json\/wp\/v2\/categories?post=55847"},{"taxonomy":"post_tag","embeddable":true,"href":"https:\/\/www.giurgiuveanul.ro\/stiri\/wp-json\/wp\/v2\/tags?post=55847"}],"curies":[{"name":"wp","href":"https:\/\/api.w.org\/{rel}","templated":true}]}}