{"id":55856,"date":"2018-10-17T16:54:02","date_gmt":"2018-10-17T13:54:02","guid":{"rendered":"https:\/\/www.giurgiuveanul.ro\/stiri\/?p=55856"},"modified":"2018-10-17T16:54:02","modified_gmt":"2018-10-17T13:54:02","slug":"sarbatoare-dubla-in-familia-sefului-politiei-rutiere-giurgiu-comisar-sef-marian-popescu","status":"publish","type":"post","link":"https:\/\/www.giurgiuveanul.ro\/stiri\/sarbatoare-dubla-in-familia-sefului-politiei-rutiere-giurgiu-comisar-sef-marian-popescu\/","title":{"rendered":"S\u0103rb\u0103toare dubl\u0103 \u00een familia \u015fefului Poli\u0163iei Rutiere Giurgiu, comisar \u015fef Marian Popescu!"},"content":{"rendered":"<p style=\"text-align: justify;\"><strong><a href=\"https:\/\/www.giurgiuveanul.ro\/stiri\/wp-content\/uploads\/2018\/10\/IMG_2096.jpg\"><img loading=\"lazy\" decoding=\"async\" class=\"aligncenter size-large wp-image-55857\" src=\"https:\/\/www.giurgiuveanul.ro\/stiri\/wp-content\/uploads\/2018\/10\/IMG_2096-492x450.jpg\" alt=\"IMG_2096\" width=\"492\" height=\"450\" srcset=\"https:\/\/www.giurgiuveanul.ro\/stiri\/wp-content\/uploads\/2018\/10\/IMG_2096-492x450.jpg 492w, https:\/\/www.giurgiuveanul.ro\/stiri\/wp-content\/uploads\/2018\/10\/IMG_2096-250x229.jpg 250w, https:\/\/www.giurgiuveanul.ro\/stiri\/wp-content\/uploads\/2018\/10\/IMG_2096-400x366.jpg 400w, https:\/\/www.giurgiuveanul.ro\/stiri\/wp-content\/uploads\/2018\/10\/IMG_2096.jpg 800w\" sizes=\"auto, (max-width: 492px) 100vw, 492px\" \/><\/a>Ast\u0103zi<!--more--> \u015fi m\u00e2ine sunt dou\u0103 zile de s\u0103rb\u0103toare \u00een familia \u015fefului Poli\u0163iei Rutiere Giurgiu, comisar \u015fef Marian Popescu!<\/strong><\/p>\n<p style=\"text-align: justify;\">Ast\u0103zi este aniversarea zilei de na\u015ftere a doamnei <strong>Doina<\/strong>, so\u0163ia \u015fefului Poli\u0163iei Rutiere Giurgiu, iar m\u00e2ine cea a comisarui \u015fef <strong>Marian Popescu<\/strong>.<\/p>\n<p style=\"text-align: justify;\">V\u0103 dorim o aniversare fericit\u0103, mult\u0103 s\u0103n\u0103tate \u015fi r\u0103bdare \u015fi s\u0103 deveni\u0163i c\u00e2t mai cur\u00e2nd bunici! S\u0103 fi\u0163i iubi\u0163i \u015fi aprecia\u0163i la justa valoare. Visele de ast\u0103zi s\u0103 devin\u0103 realitate, speran\u0163ele de m\u00e2ine &#8211; \u00eempliniri, orice c\u0103dere &#8211; un pas \u00eenainte, iar g\u00e2ndul bun \u015fi fericirea s\u0103 v\u0103 \u00eenso\u0163easc\u0103 mereu.<\/p>\n<p style=\"text-align: center;\"><em>La Mul\u0163i Ani, Doina \u015fi Marian Popescu!<\/em><\/p>\n","protected":false},"excerpt":{"rendered":"<p>Ast\u0103zi<\/p>\n","protected":false},"author":1,"featured_media":0,"comment_status":"open","ping_status":"open","sticky":false,"template":"","format":"standard","meta":{"footnotes":""},"categories":[16],"tags":[],"class_list":["post-55856","post","type-post","status-publish","format-standard","hentry","category-astazi-e-ziua-ta"],"_links":{"self":[{"href":"https:\/\/www.giurgiuveanul.ro\/stiri\/wp-json\/wp\/v2\/posts\/55856","targetHints":{"allow":["GET"]}}],"collection":[{"href":"https:\/\/www.giurgiuveanul.ro\/stiri\/wp-json\/wp\/v2\/posts"}],"about":[{"href":"https:\/\/www.giurgiuveanul.ro\/stiri\/wp-json\/wp\/v2\/types\/post"}],"author":[{"embeddable":true,"href":"https:\/\/www.giurgiuveanul.ro\/stiri\/wp-json\/wp\/v2\/users\/1"}],"replies":[{"embeddable":true,"href":"https:\/\/www.giurgiuveanul.ro\/stiri\/wp-json\/wp\/v2\/comments?post=55856"}],"version-history":[{"count":0,"href":"https:\/\/www.giurgiuveanul.ro\/stiri\/wp-json\/wp\/v2\/posts\/55856\/revisions"}],"wp:attachment":[{"href":"https:\/\/www.giurgiuveanul.ro\/stiri\/wp-json\/wp\/v2\/media?parent=55856"}],"wp:term":[{"taxonomy":"category","embeddable":true,"href":"https:\/\/www.giurgiuveanul.ro\/stiri\/wp-json\/wp\/v2\/categories?post=55856"},{"taxonomy":"post_tag","embeddable":true,"href":"https:\/\/www.giurgiuveanul.ro\/stiri\/wp-json\/wp\/v2\/tags?post=55856"}],"curies":[{"name":"wp","href":"https:\/\/api.w.org\/{rel}","templated":true}]}}