{"id":55870,"date":"2018-10-18T09:36:47","date_gmt":"2018-10-18T06:36:47","guid":{"rendered":"https:\/\/www.giurgiuveanul.ro\/stiri\/?p=55870"},"modified":"2018-10-18T09:36:47","modified_gmt":"2018-10-18T06:36:47","slug":"colegiul-national-ion-maiorescu-giurgiu-in-imagine","status":"publish","type":"post","link":"https:\/\/www.giurgiuveanul.ro\/stiri\/colegiul-national-ion-maiorescu-giurgiu-in-imagine\/","title":{"rendered":"COLEGIUL NA\u0162IONAL \u201eION MAIORESCU&#8221; GIURGIU- \u00een imagine"},"content":{"rendered":"<p style=\"text-align: justify;\"><a href=\"https:\/\/www.giurgiuveanul.ro\/stiri\/wp-content\/uploads\/2018\/10\/Liceul-Maiorescu.jpg\"><img loading=\"lazy\" decoding=\"async\" class=\"aligncenter size-large wp-image-55871\" src=\"https:\/\/www.giurgiuveanul.ro\/stiri\/wp-content\/uploads\/2018\/10\/Liceul-Maiorescu-560x337.jpg\" alt=\"Liceul-Maiorescu\" width=\"560\" height=\"337\" srcset=\"https:\/\/www.giurgiuveanul.ro\/stiri\/wp-content\/uploads\/2018\/10\/Liceul-Maiorescu-560x337.jpg 560w, https:\/\/www.giurgiuveanul.ro\/stiri\/wp-content\/uploads\/2018\/10\/Liceul-Maiorescu-250x150.jpg 250w, https:\/\/www.giurgiuveanul.ro\/stiri\/wp-content\/uploads\/2018\/10\/Liceul-Maiorescu-400x241.jpg 400w, https:\/\/www.giurgiuveanul.ro\/stiri\/wp-content\/uploads\/2018\/10\/Liceul-Maiorescu.jpg 800w\" sizes=\"auto, (max-width: 560px) 100vw, 560px\" \/><\/a>Scriu cu speran\u0163a c\u0103<!--more--> \u00eensemn\u0103rile mele vor face referire la \u015eCOALA ROM\u00c2NEASC\u0102 \u00een general \u015fi, de bun\u0103-seam\u0103, \u015fi la <span style=\"text-decoration: underline;\">\u015eCOALA BR\u0102ILEAN\u0102. <\/span>Dac\u0103 scriu despre colegiul din Giurgiul anilor ..50, este pentru c\u0103 \u00een acest colegiu am \u00eenv\u0103\u0163at, acest colegiu mi-a legitimat\u00a0 op\u0163iunea pentru ceea ce o via\u0163\u0103 \u00eentreag\u0103 am profesat -profesor de limba rom\u00e2n\u0103 la un liceu industrial&#8230; Scriind despre anii mei de liceu, scriind despre \u00eenceputurile activit\u0103\u0163ii mele, trebuie s\u0103 scriu, vreau nu vreau, despre perioada anilor&#8230; 50, despre \u015fcoala anilor 1970-1980. Mi-am impus s\u0103 fiu corect \u00een tot ceea ce spun. Subiectiv probabil, dar sincer!<\/p>\n<p style=\"text-align: justify;\">Am f\u0103cut liceul f\u0103r\u0103 s\u0103 fi avut manuale la toate obiectele de studiu! \u00cenc\u0103l\u0163\u0103mintea primilor trei ani, ni\u015fte gumari! Palton, doar \u00een clasa a 11-a. Gazda, prima, \u00eentr-o camer\u0103 luminat\u0103 de o lamp\u0103 cu petrol, \u015fi a doua, o camer\u0103 cu intrare direct de-afar\u0103. Nu mi-amintesc s\u0103 fi lipsit nemotivat vreo zi de la \u015fcoal\u0103. Nu \u015ftiu dac\u0103 se \u00eenv\u0103\u0163a mai mult! Cei mai mul\u0163i dintre noi am f\u0103cut studii superioate.Ca om la catedr\u0103, primii cinci ani \u00eentr-o \u015fcoal\u0103 profesional\u0103 \u015fi restul activit\u0103\u0163ii \u00eentr-un liceu industrial, am avut sentimentul\u00a0 c\u0103 sunt dator elevilor care ocupau locul \u00een banc\u0103. Majoritatea elevilor mei au devenit muncitori. Dar to\u0163i, absolut to\u0163i, au devenit OAMENI!.<\/p>\n<p style=\"text-align: justify;\"><em>Genera\u0163ia noastr\u0103, <\/em>prin profesorii pe care i-am avut, <em>\u00a0a mo\u015ftenit o lume incredibil\u00a0de frumoas\u0103\u00a0de\u00a0la p\u0103rin\u0163ii no\u015ftri\u00a0\u015fi ace\u015ftia de\u00a0la p\u0103rin\u0163ii\u00a0lor.<\/em> Ne-am str\u0103duit ca, prin ceea ce facem, \u00a0<em>s\u0103\u2026<\/em><em>, s\u0103 nu\u00a0 fim\u00a0genera\u0163ia responsabil\u0103 pentru \u00eenr\u0103ut\u0103\u0163irea ireversibil\u0103 a mediului \u00eenconjur\u0103tor<\/em><em>.<\/em><\/p>\n<p style=\"text-align: justify;\">C\u00e2t am reu\u015fit s\u0103 fac din ceea ce am avut de f\u0103cut, cred c\u0103 a fost bine! Elevii pe care-i \u00eent\u00e2lnesc, oameni \u00een toat\u0103 firea, p\u0103rin\u0163i de copii, unii chiar bunici!, to\u0163i \u00eemi spun, de parc\u0103 s-ar fi vorbit,: &#8211;<em>Pe timpul nostru, domnule professor, se f\u0103cea carte \u015fi era mai mult\u0103 ordine!<\/em>\u00a0\u00a0 To\u0163i r\u0103spundeau parc\u0103 la o \u00eentrebare nepus\u0103 de mine. Mul\u0163i dintre cei care, cu <em>m\u00e2nie proletar\u0103,<\/em> condamn\u0103 f\u0103r\u0103 discern\u0103m\u00e2nt perioada\u00a0 tinere\u0163ii noastre sunt produsul acelei epoci , uit\u00e2nd, sau vr\u00e2nd s\u0103 uite, c\u0103 societatea a tr\u0103it prin noi, cei care am \u00eenv\u0103\u0163at de la p\u0103rin\u0163i c\u0103 nu se arunc\u0103 odat\u0103 cu apa din albie \u015fi copilul \u00eemb\u0103iat! Am \u00eencredere c\u0103 cititorul , care este sau se crede c\u0103 este mai inteligent dec\u00e2t noi, va \u00een\u0163elege c\u0103 nu este vorba de nicio nostalgie, necum de \u00eencercarea vreunei reabilit\u0103ri, ci de con\u015ftiin\u0163a cu care. \u00een <em>Predoslovie c\u0103tre cetitoriu<\/em>, Miron Costin\u00a0 spunea:-\u00a0\u00a0<em>&#8222;Eu voi da sama de ale mele c\u00e2te scriu&#8221;.\u00a0<\/em><\/p>\n<p style=\"text-align: justify;\">Parafraz\u00e2nd, \u00een numele tuturor colegilor mei de liceu \u00a0\u2013 Genera\u0163ia 1954, cu 11 clase, a Liceului <em>Ion Maiorescu<\/em> -, de\u015fi am tr\u0103it, am \u00eenv\u0103\u0163at, ne-am croit drum \u00een via\u0163\u0103 \u00een <em>obsedantul deceniu <\/em>al secolului trecut, pot da sam\u0103 de ale mele \u2013 ale noastre \u2013 c\u00e2te am f\u0103cut.<\/p>\n<p style=\"text-align: justify;\"><span style=\"text-decoration: underline;\">Not\u0103: <\/span>Afl\u0103m din pres\u0103 c\u0103 \u00een Br\u0103ila, probabil \u015fi \u00een alte jude\u0163e, dou\u0103 \u00a0\u00a0colegii au fost <em>retrogradate<\/em> la titlul de liceu, ca urmare a aplic\u0103rii Ordinului 3732\/2013 privind aprobarea Metodologiei\u00a0 de acordare a titluilui de COLEGIU unit\u0103\u0163ilor de \u00eenv\u0103\u0163\u0103m\u00e2nt preuniversitar! \u015ei rezultatele slabe la examenul de bacalaureat din ultimii ani au immpus o asemenea m\u0103sur\u0103! C\u0103 \u00eenv\u0103\u0163\u0103m\u00e2ntul profesional \u015fi tehnie\u00a0 este de la un timp o problem\u0103 se \u015ftie. Cine o rezolv\u0103 ? \u015ei asta c\u00e2t mai repede!<\/p>\n<p style=\"text-align: justify;\">Gh.C.Br.<\/p>\n","protected":false},"excerpt":{"rendered":"<p>Scriu cu speran\u0163a c\u0103<\/p>\n","protected":false},"author":1,"featured_media":0,"comment_status":"open","ping_status":"open","sticky":false,"template":"","format":"standard","meta":{"footnotes":""},"categories":[21],"tags":[],"class_list":["post-55870","post","type-post","status-publish","format-standard","hentry","category-opinia-mea"],"_links":{"self":[{"href":"https:\/\/www.giurgiuveanul.ro\/stiri\/wp-json\/wp\/v2\/posts\/55870","targetHints":{"allow":["GET"]}}],"collection":[{"href":"https:\/\/www.giurgiuveanul.ro\/stiri\/wp-json\/wp\/v2\/posts"}],"about":[{"href":"https:\/\/www.giurgiuveanul.ro\/stiri\/wp-json\/wp\/v2\/types\/post"}],"author":[{"embeddable":true,"href":"https:\/\/www.giurgiuveanul.ro\/stiri\/wp-json\/wp\/v2\/users\/1"}],"replies":[{"embeddable":true,"href":"https:\/\/www.giurgiuveanul.ro\/stiri\/wp-json\/wp\/v2\/comments?post=55870"}],"version-history":[{"count":0,"href":"https:\/\/www.giurgiuveanul.ro\/stiri\/wp-json\/wp\/v2\/posts\/55870\/revisions"}],"wp:attachment":[{"href":"https:\/\/www.giurgiuveanul.ro\/stiri\/wp-json\/wp\/v2\/media?parent=55870"}],"wp:term":[{"taxonomy":"category","embeddable":true,"href":"https:\/\/www.giurgiuveanul.ro\/stiri\/wp-json\/wp\/v2\/categories?post=55870"},{"taxonomy":"post_tag","embeddable":true,"href":"https:\/\/www.giurgiuveanul.ro\/stiri\/wp-json\/wp\/v2\/tags?post=55870"}],"curies":[{"name":"wp","href":"https:\/\/api.w.org\/{rel}","templated":true}]}}