{"id":56074,"date":"2018-10-28T18:28:40","date_gmt":"2018-10-28T16:28:40","guid":{"rendered":"https:\/\/www.giurgiuveanul.ro\/stiri\/?p=56074"},"modified":"2018-10-28T18:28:51","modified_gmt":"2018-10-28T16:28:51","slug":"cutremurul-de-azi-noapte-anuntat-din-august","status":"publish","type":"post","link":"https:\/\/www.giurgiuveanul.ro\/stiri\/cutremurul-de-azi-noapte-anuntat-din-august\/","title":{"rendered":"Cutremurul de azi-noapte, \u201eanun\u0163at\u201d din august!"},"content":{"rendered":"<p style=\"text-align: justify;\"><strong><a href=\"https:\/\/www.giurgiuveanul.ro\/stiri\/wp-content\/uploads\/2018\/10\/ireal-cutremurul-din-28-octombrie-prezis-pe-facebook-inca-din-15-august-557909.jpg\"><img loading=\"lazy\" decoding=\"async\" class=\"aligncenter size-large wp-image-56075\" src=\"https:\/\/www.giurgiuveanul.ro\/stiri\/wp-content\/uploads\/2018\/10\/ireal-cutremurul-din-28-octombrie-prezis-pe-facebook-inca-din-15-august-557909-560x241.jpg\" alt=\"ireal-cutremurul-din-28-octombrie-prezis-pe-facebook-inca-din-15-august-557909\" width=\"560\" height=\"241\" srcset=\"https:\/\/www.giurgiuveanul.ro\/stiri\/wp-content\/uploads\/2018\/10\/ireal-cutremurul-din-28-octombrie-prezis-pe-facebook-inca-din-15-august-557909-560x241.jpg 560w, https:\/\/www.giurgiuveanul.ro\/stiri\/wp-content\/uploads\/2018\/10\/ireal-cutremurul-din-28-octombrie-prezis-pe-facebook-inca-din-15-august-557909-250x108.jpg 250w, https:\/\/www.giurgiuveanul.ro\/stiri\/wp-content\/uploads\/2018\/10\/ireal-cutremurul-din-28-octombrie-prezis-pe-facebook-inca-din-15-august-557909-400x172.jpg 400w, https:\/\/www.giurgiuveanul.ro\/stiri\/wp-content\/uploads\/2018\/10\/ireal-cutremurul-din-28-octombrie-prezis-pe-facebook-inca-din-15-august-557909.jpg 620w\" sizes=\"auto, (max-width: 560px) 100vw, 560px\" \/><\/a>Un cutremur de<!--more--> 5,8 grade pe scara Richter s-a produs \u00een noaptea de 28 octombrie a.c.. Totu\u0219i, pe Facebook, AICI <a href=\"https:\/\/www.facebook.com\/cutremur.vrancea\/photos\/a.784029388418962\/1126391674182730\/?type=3&amp;theater\">https:\/\/www.facebook.com\/cutremur.vrancea\/photos\/a.784029388418962\/1126391674182730\/?type=3&amp;theater<\/a> exist\u0103 un mesaj, \u00eenc\u0103 din 15 august, care \u00eel prevede.<\/strong><\/p>\n<p style=\"text-align: justify;\">Pe 15 august 2018, Seismic Center publica o aten\u0163ionare:<\/p>\n<p style=\"text-align: justify;\"><em>\u201eCa \u015fi opinie personal\u0103 un cutremur cu magnitudinea peste 5.2 Richter\u00a0<\/em><em>este posibil s\u0103 apar\u0103 \u00een jurul datei de 27-28 octombrie 2018, bine\u00een\u0163eles\u00a0<\/em><em>mai este mult timp p\u00e2n\u0103 atunci \u015fi abia \u00eenaintea intervalului vom \u015ftii ce\u00a0<\/em><em>procentaj este, dar este bine ca lumea s\u0103 fie preg\u0103tit\u0103 tot timpul, inclusiv\u00a0<\/em><em>cei de la situa\u0163ii de urgen\u0163e. \u00een jurul datei de 28 octombrie \u015fi s\u0103 comunice\u00a0<\/em><em>cu institu\u0163iile de cercetare ale statului, \u00een caz c\u0103 apar semnale ca ar fi\u00a0<\/em><em>posibil acest lucru. Publicat ast\u0103zi, 15 august 2018\u201d.<\/em><\/p>\n<p style=\"text-align: justify;\">\u00cen noaptea dintre 27 \u0219i 28 octombrie, un cutremur de 5,8 grade pe scara Richter a fost \u00eenregistrat \u00een Vrancea. Acesta a fost resim\u021bit \u0219i \u00een Bucure\u0219ti. Cutremurul a fost \u00eenregistrat la ora 3:38, \u00een zona seismic\u0103 Vrancea, jude\u0163ul Buz\u0103u, la o ad\u00e2ncime de 151 de kilometri, conform INFP.<\/p>\n<p style=\"text-align: justify;\">Cutremurul a fost \u00een apropierea urm\u0103toarelor ora\u015fe: Nehoiu (21 km), Covasna (35 km), \u00centorsura Buz\u0103ului (41 km), T\u00e2rgu Secuiesc (49 km) \u015fi V\u0103lenii de Munte (58 km).<\/p>\n<p style=\"text-align: justify;\">Constantin Ionescu, directorul general al INFP, a spus \u00eens\u0103 c\u0103 un astfel de cutremur face parte din activitatea seismic\u0103 normal\u0103. Chiar dac\u0103 acest cutremur a avut o magnitudine de 5,8 grade pe scara Richter, nu ar trebui s\u0103 fie panic\u0103.<\/p>\n<p style=\"text-align: justify;\">\n","protected":false},"excerpt":{"rendered":"<p>Un cutremur de<\/p>\n","protected":false},"author":1,"featured_media":0,"comment_status":"open","ping_status":"open","sticky":false,"template":"","format":"standard","meta":{"footnotes":""},"categories":[5],"tags":[],"class_list":["post-56074","post","type-post","status-publish","format-standard","hentry","category-senzational"],"_links":{"self":[{"href":"https:\/\/www.giurgiuveanul.ro\/stiri\/wp-json\/wp\/v2\/posts\/56074","targetHints":{"allow":["GET"]}}],"collection":[{"href":"https:\/\/www.giurgiuveanul.ro\/stiri\/wp-json\/wp\/v2\/posts"}],"about":[{"href":"https:\/\/www.giurgiuveanul.ro\/stiri\/wp-json\/wp\/v2\/types\/post"}],"author":[{"embeddable":true,"href":"https:\/\/www.giurgiuveanul.ro\/stiri\/wp-json\/wp\/v2\/users\/1"}],"replies":[{"embeddable":true,"href":"https:\/\/www.giurgiuveanul.ro\/stiri\/wp-json\/wp\/v2\/comments?post=56074"}],"version-history":[{"count":0,"href":"https:\/\/www.giurgiuveanul.ro\/stiri\/wp-json\/wp\/v2\/posts\/56074\/revisions"}],"wp:attachment":[{"href":"https:\/\/www.giurgiuveanul.ro\/stiri\/wp-json\/wp\/v2\/media?parent=56074"}],"wp:term":[{"taxonomy":"category","embeddable":true,"href":"https:\/\/www.giurgiuveanul.ro\/stiri\/wp-json\/wp\/v2\/categories?post=56074"},{"taxonomy":"post_tag","embeddable":true,"href":"https:\/\/www.giurgiuveanul.ro\/stiri\/wp-json\/wp\/v2\/tags?post=56074"}],"curies":[{"name":"wp","href":"https:\/\/api.w.org\/{rel}","templated":true}]}}