{"id":56170,"date":"2018-11-01T08:49:10","date_gmt":"2018-11-01T06:49:10","guid":{"rendered":"https:\/\/www.giurgiuveanul.ro\/stiri\/?p=56170"},"modified":"2018-11-01T09:02:56","modified_gmt":"2018-11-01T07:02:56","slug":"valeriu-naipeanu-nu-au-fost-mascatii-nici-la-sediul-social-nici-la-punctul-de-lucru-ale-centrului-medical-ema","status":"publish","type":"post","link":"https:\/\/www.giurgiuveanul.ro\/stiri\/valeriu-naipeanu-nu-au-fost-mascatii-nici-la-sediul-social-nici-la-punctul-de-lucru-ale-centrului-medical-ema\/","title":{"rendered":"Valeriu Naipeanu: \u201eNu au fost masca\u0163ii nici la sediul social, nici la punctul de lucru ale Centrului Medical Ema\u201d!"},"content":{"rendered":"<p style=\"text-align: justify;\"><em><a href=\"https:\/\/www.giurgiuveanul.ro\/stiri\/wp-content\/uploads\/2018\/11\/Valeriu-Naipeanu.jpg\"><img loading=\"lazy\" decoding=\"async\" class=\"aligncenter size-large wp-image-56171\" src=\"https:\/\/www.giurgiuveanul.ro\/stiri\/wp-content\/uploads\/2018\/11\/Valeriu-Naipeanu-550x450.jpg\" alt=\"Valeriu Naipeanu\" width=\"550\" height=\"450\" srcset=\"https:\/\/www.giurgiuveanul.ro\/stiri\/wp-content\/uploads\/2018\/11\/Valeriu-Naipeanu-550x450.jpg 550w, https:\/\/www.giurgiuveanul.ro\/stiri\/wp-content\/uploads\/2018\/11\/Valeriu-Naipeanu-250x205.jpg 250w, https:\/\/www.giurgiuveanul.ro\/stiri\/wp-content\/uploads\/2018\/11\/Valeriu-Naipeanu-400x328.jpg 400w, https:\/\/www.giurgiuveanul.ro\/stiri\/wp-content\/uploads\/2018\/11\/Valeriu-Naipeanu.jpg 800w\" sizes=\"auto, (max-width: 550px) 100vw, 550px\" \/><\/a>\u201e\u00cen primul r\u00e2nd trebuie men\u0163ionat faptul c\u0103<!--more--> nu au fost masca\u0163ii nici la sediul social, nici la punctul de lucru alea Centrului Medical Ema.<\/em><\/p>\n<p style=\"text-align: justify;\"><em>\u00centr-adevar au fost emise dou\u0103 mandate de perchezitie pentru loca\u0163iile mai sus men\u0163ionate \u015fi au fost puse \u00een aplicare, \u00een mod civilizat, zic eu, de c\u0103tre organele de poli\u0163ie (\u00een num\u0103r de \u015fase, trei la o loca\u0163ie \u015fi trei la cealalt\u0103).<\/em><\/p>\n<p style=\"text-align: justify;\"><em>Aceast\u0103 ac\u0163iune a fost pus\u0103 \u00een mi\u015fcare pentru ni\u015fte documente care, dac\u0103 erau solicitate printr-o adres\u0103 de c\u0103tre organele \u00een drept, erau puse la dispozi\u0163ie \u00een cel mai scurt timp \u015fi f\u0103r\u0103 at\u00e2ta tevatur\u0103.<\/em><\/p>\n<p style=\"text-align: justify;\"><em>C\u00e2t prive\u015fte prejudiciul trebuie specificat c\u0103:<\/em><\/p>\n<ol style=\"text-align: justify;\">\n<li><em>la baza acelor sume stau servicii executate (analize de laborator \u015fi servicii de imagistic\u0103 medical\u0103), iar CAS Giurgiu nu a pl\u0103tit ceva fictiv deci consider ca nu i s-a facut nici un prejudiciu.<\/em><\/li>\n<li><em>acele sume au fost recuperate de CAS Giurgiu \u015fi consider c\u0103 noi suntem \u201e&#8230;. \u015fi cu banii lua\u0163i&#8221;, am muncit, am cheltuit cu materiale, salarii \u015fi cu toate cheltuielile aferente serviciilor prestate \u015fi de care au beneficiat pacien\u0163ii.<\/em><\/li>\n<li><em>cu privire la celelalte acuza\u0163ii, organele \u00een drept vor face cercet\u0103ri, \u00een continuare \u015fi instan\u0163a va stabili vinova\u0163ia.<\/em><\/li>\n<\/ol>\n<p style=\"text-align: justify;\"><em>Aceasta firm\u0103 este printre pu\u0163inele din Giurgiu care \u00eenc\u0103 mai exist\u0103. Este din anul 1991, nu a avut \u015fi nu are datorii restante la stat. A fost creat\u0103 de oameni \u015fi pentru oameni.<\/em><\/p>\n<p style=\"text-align: justify;\"><em>P\u0103cat c\u0103 unii arunc\u0103 cu noroi \u00een ea, crez\u00e2nd c\u0103 fac un serviciu societ\u0103\u0163ii.<\/em><\/p>\n<p style=\"text-align: justify;\"><em>\u00a0<\/em><\/p>\n<p style=\"text-align: center;\"><strong>Valeriu Naipeanu,<\/strong><\/p>\n<p style=\"text-align: center;\"><em>Administrator Centrul Medical Ema<\/em><\/p>\n","protected":false},"excerpt":{"rendered":"<p>\u201e\u00cen primul r\u00e2nd trebuie men\u0163ionat faptul c\u0103<\/p>\n","protected":false},"author":1,"featured_media":0,"comment_status":"open","ping_status":"open","sticky":false,"template":"","format":"standard","meta":{"footnotes":""},"categories":[21],"tags":[],"class_list":["post-56170","post","type-post","status-publish","format-standard","hentry","category-opinia-mea"],"_links":{"self":[{"href":"https:\/\/www.giurgiuveanul.ro\/stiri\/wp-json\/wp\/v2\/posts\/56170","targetHints":{"allow":["GET"]}}],"collection":[{"href":"https:\/\/www.giurgiuveanul.ro\/stiri\/wp-json\/wp\/v2\/posts"}],"about":[{"href":"https:\/\/www.giurgiuveanul.ro\/stiri\/wp-json\/wp\/v2\/types\/post"}],"author":[{"embeddable":true,"href":"https:\/\/www.giurgiuveanul.ro\/stiri\/wp-json\/wp\/v2\/users\/1"}],"replies":[{"embeddable":true,"href":"https:\/\/www.giurgiuveanul.ro\/stiri\/wp-json\/wp\/v2\/comments?post=56170"}],"version-history":[{"count":0,"href":"https:\/\/www.giurgiuveanul.ro\/stiri\/wp-json\/wp\/v2\/posts\/56170\/revisions"}],"wp:attachment":[{"href":"https:\/\/www.giurgiuveanul.ro\/stiri\/wp-json\/wp\/v2\/media?parent=56170"}],"wp:term":[{"taxonomy":"category","embeddable":true,"href":"https:\/\/www.giurgiuveanul.ro\/stiri\/wp-json\/wp\/v2\/categories?post=56170"},{"taxonomy":"post_tag","embeddable":true,"href":"https:\/\/www.giurgiuveanul.ro\/stiri\/wp-json\/wp\/v2\/tags?post=56170"}],"curies":[{"name":"wp","href":"https:\/\/api.w.org\/{rel}","templated":true}]}}