{"id":56252,"date":"2018-11-05T18:27:58","date_gmt":"2018-11-05T16:27:58","guid":{"rendered":"https:\/\/www.giurgiuveanul.ro\/stiri\/?p=56252"},"modified":"2018-11-07T09:16:09","modified_gmt":"2018-11-07T07:16:09","slug":"astazi-implinit-72-de-ani-la-multi-ani-narciz-coman","status":"publish","type":"post","link":"https:\/\/www.giurgiuveanul.ro\/stiri\/astazi-implinit-72-de-ani-la-multi-ani-narciz-coman\/","title":{"rendered":"Ast\u0103zi a \u00eemplinit 72 de ani! La Mul\u0163i Ani, Narciz Coman!"},"content":{"rendered":"<p style=\"text-align: justify;\"><a href=\"https:\/\/www.giurgiuveanul.ro\/stiri\/wp-content\/uploads\/2018\/11\/Narcis-coman.jpg\"><img loading=\"lazy\" decoding=\"async\" class=\"aligncenter size-large wp-image-56253\" src=\"https:\/\/www.giurgiuveanul.ro\/stiri\/wp-content\/uploads\/2018\/11\/Narcis-coman-416x450.jpg\" alt=\"Narcis coman\" width=\"416\" height=\"450\" srcset=\"https:\/\/www.giurgiuveanul.ro\/stiri\/wp-content\/uploads\/2018\/11\/Narcis-coman-416x450.jpg 416w, https:\/\/www.giurgiuveanul.ro\/stiri\/wp-content\/uploads\/2018\/11\/Narcis-coman-250x270.jpg 250w, https:\/\/www.giurgiuveanul.ro\/stiri\/wp-content\/uploads\/2018\/11\/Narcis-coman-400x432.jpg 400w, https:\/\/www.giurgiuveanul.ro\/stiri\/wp-content\/uploads\/2018\/11\/Narcis-coman.jpg 740w\" sizes=\"auto, (max-width: 416px) 100vw, 416px\" \/><\/a>Ast\u0103zi,<!--more--> cunoscutul om de fotbal din Giurgiu, fost\u0103 glorie a sportului rege din Rom\u00e2nia, <strong>Narciz Coman<\/strong>, \u00eempline\u015fte frumoasa v\u00e2rsta de 72 de ani.<\/p>\n<p style=\"text-align: justify;\">Apreciat si recunoscut de conducerile cluburilor \u015fi colegii de la echipele de prim rang pentru care a jucat, s\u0103 nu uit\u0103m c\u0103 a fost \u015fi portarul na\u0163ionalei, Narciz Coman este o amintire vie \u015fi frumoas\u0103 \u00een memoria tuturor iubitorilor sportului rege.<\/p>\n<p style=\"text-align: justify;\">Cu aceasta ocazie, redac\u0163ia cotidianului &#8222;Giurgiuveanul&#8221; ii ureaza legendei vii a fotbalului de la noi, Narciz Coman, mult\u0103 s\u0103n\u0103tate, fericire \u015fi un sincer &#8222;La Mul\u0163i Ani!&#8221;.<\/p>\n","protected":false},"excerpt":{"rendered":"<p>Ast\u0103zi,<\/p>\n","protected":false},"author":1,"featured_media":0,"comment_status":"open","ping_status":"open","sticky":false,"template":"","format":"standard","meta":{"footnotes":""},"categories":[16],"tags":[],"class_list":["post-56252","post","type-post","status-publish","format-standard","hentry","category-astazi-e-ziua-ta"],"_links":{"self":[{"href":"https:\/\/www.giurgiuveanul.ro\/stiri\/wp-json\/wp\/v2\/posts\/56252","targetHints":{"allow":["GET"]}}],"collection":[{"href":"https:\/\/www.giurgiuveanul.ro\/stiri\/wp-json\/wp\/v2\/posts"}],"about":[{"href":"https:\/\/www.giurgiuveanul.ro\/stiri\/wp-json\/wp\/v2\/types\/post"}],"author":[{"embeddable":true,"href":"https:\/\/www.giurgiuveanul.ro\/stiri\/wp-json\/wp\/v2\/users\/1"}],"replies":[{"embeddable":true,"href":"https:\/\/www.giurgiuveanul.ro\/stiri\/wp-json\/wp\/v2\/comments?post=56252"}],"version-history":[{"count":0,"href":"https:\/\/www.giurgiuveanul.ro\/stiri\/wp-json\/wp\/v2\/posts\/56252\/revisions"}],"wp:attachment":[{"href":"https:\/\/www.giurgiuveanul.ro\/stiri\/wp-json\/wp\/v2\/media?parent=56252"}],"wp:term":[{"taxonomy":"category","embeddable":true,"href":"https:\/\/www.giurgiuveanul.ro\/stiri\/wp-json\/wp\/v2\/categories?post=56252"},{"taxonomy":"post_tag","embeddable":true,"href":"https:\/\/www.giurgiuveanul.ro\/stiri\/wp-json\/wp\/v2\/tags?post=56252"}],"curies":[{"name":"wp","href":"https:\/\/api.w.org\/{rel}","templated":true}]}}